{"id":20084,"date":"2021-11-24T18:24:00","date_gmt":"2021-11-24T16:24:00","guid":{"rendered":"https:\/\/bisbalpenedes.com\/web\/?p=20084"},"modified":"2021-11-24T18:26:11","modified_gmt":"2021-11-24T16:26:11","slug":"el-dilluns-29-de-novembre-a-les-17h-tindra-lloc-un-ple-extraordinari-a-lajuntament-de-la-bisbal-del-penedes-es-tracta-del-ple-daprovacio-del-pressupost-2022","status":"publish","type":"post","link":"https:\/\/bisbalpenedes.com\/web\/2021\/11\/24\/el-dilluns-29-de-novembre-a-les-17h-tindra-lloc-un-ple-extraordinari-a-lajuntament-de-la-bisbal-del-penedes-es-tracta-del-ple-daprovacio-del-pressupost-2022\/","title":{"rendered":"El dilluns 29 de novembre a les 17h tindr\u00e0 lloc un Ple extraordinari a l&#8217;Ajuntament de La Bisbal del Pened\u00e8s &#8211; Es tracta del Ple d&#8217;aprovaci\u00f3 del pressupost 2022"},"content":{"rendered":"\n<p>El proper dilluns 29 de novembre, a les 17:00h, tindr\u00e0 lloc un Ple extraordinari a l\u2019Ajuntament de La Bisbal del Pened\u00e8s.<\/p>\n\n\n\n<p>Sempre que les mesures de contenci\u00f3 de la COVID-19 no dictin el contrari durant els pr\u00f2xims dies, el p\u00fablic hi podr\u00e0 assistir amb mascareta. Posteriorment, com \u00e9s habitual, tamb\u00e9 es publicar\u00e0 el v\u00eddeo de la sessi\u00f3 a Youtube.<\/p>\n\n\n\n<p>Aquests s\u00f3n els punts de l\u2019ordre del dia:<\/p>\n\n\n\n<ul><li>1.-Aprovaci\u00f3 inicial del pressupost 2022.<\/li><li>2.-Modificaci\u00f3 de cr\u00e8dit 442.220,02\u20ac per diverses despeses<\/li><li>3.-Modificaci\u00f3 de cr\u00e8dit 51.861,10\u20ac per diverses inversions<\/li><li>4.-Aprovar el reconeixement de compatibilitat presentada per una treballadora municipal.<\/li><li>5.-Donar compte de la resoluci\u00f3 de la Comissi\u00f3 de preus de Catalunya, denegant la sol\u00b7licitud d\u2019Aqualia S.A. del mes de juny d\u2019increment de tarifes.<\/li><\/ul>\n\n\n\n<hr class=\"wp-block-separator\"\/>\n\n\n\n<p><strong>CASTELLANO |<\/strong>&nbsp;El pr\u00f3ximo lunes 29 de noviembre, a las 17:00h, tendr\u00e1 lugar un pleno extraordinario en el Ayuntamiento de La Bisbal del Pened\u00e8s.<\/p>\n\n\n\n<p>Siempre que las medidas de contenci\u00f3n de la COVID-19 no dicten lo contrario durante los pr\u00f3ximos d\u00edas, el p\u00fablico podr\u00e1 asistir con mascarilla. Posteriormente, como es habitual, tambi\u00e9n se publicar\u00e1 el v\u00eddeo de la sesi\u00f3n en Youtube.<\/p>\n\n\n\n<p>Estos son los puntos del orden del d\u00eda:<\/p>\n\n\n\n<ul><li>1.-Aprobaci\u00f3n inicial del presupuesto 2022.<\/li><li>2.-Modificaci\u00f3n de cr\u00e9dito 442.220,02\u20ac por varios gastos<\/li><li>3.-Modificaci\u00f3n de cr\u00e9dito 51.861,10\u20ac por varias inversiones<\/li><li>4.-Aprobar el reconocimiento de compatibilidad presentada por una trabajadora municipal.<\/li><li>5.-Dar cuenta de la resoluci\u00f3n de la Comisi\u00f3n de precios de Catalunya, denegando la solicitud de Aqualia S.A. del mes de junio de incremento de tarifas.<\/li><\/ul>\n","protected":false},"excerpt":{"rendered":"<p>El proper dilluns 29 de novembre, a les 17:00h, tindr\u00e0 lloc un Ple extraordinari a l\u2019Ajuntament de La Bisbal del Pened\u00e8s. Sempre que les mesures de contenci\u00f3 de la COVID-19 &hellip; <a href=\"https:\/\/bisbalpenedes.com\/web\/2021\/11\/24\/el-dilluns-29-de-novembre-a-les-17h-tindra-lloc-un-ple-extraordinari-a-lajuntament-de-la-bisbal-del-penedes-es-tracta-del-ple-daprovacio-del-pressupost-2022\/\" class=\"more-link\">Read More<\/a><\/p>\n","protected":false},"author":4,"featured_media":6737,"comment_status":"closed","ping_status":"closed","sticky":false,"template":"","format":"standard","meta":[],"categories":[8,2250],"tags":[393,423,515,4916],"_links":{"self":[{"href":"https:\/\/bisbalpenedes.com\/web\/wp-json\/wp\/v2\/posts\/20084"}],"collection":[{"href":"https:\/\/bisbalpenedes.com\/web\/wp-json\/wp\/v2\/posts"}],"about":[{"href":"https:\/\/bisbalpenedes.com\/web\/wp-json\/wp\/v2\/types\/post"}],"author":[{"embeddable":true,"href":"https:\/\/bisbalpenedes.com\/web\/wp-json\/wp\/v2\/users\/4"}],"replies":[{"embeddable":true,"href":"https:\/\/bisbalpenedes.com\/web\/wp-json\/wp\/v2\/comments?post=20084"}],"version-history":[{"count":1,"href":"https:\/\/bisbalpenedes.com\/web\/wp-json\/wp\/v2\/posts\/20084\/revisions"}],"predecessor-version":[{"id":20085,"href":"https:\/\/bisbalpenedes.com\/web\/wp-json\/wp\/v2\/posts\/20084\/revisions\/20085"}],"wp:featuredmedia":[{"embeddable":true,"href":"https:\/\/bisbalpenedes.com\/web\/wp-json\/wp\/v2\/media\/6737"}],"wp:attachment":[{"href":"https:\/\/bisbalpenedes.com\/web\/wp-json\/wp\/v2\/media?parent=20084"}],"wp:term":[{"taxonomy":"category","embeddable":true,"href":"https:\/\/bisbalpenedes.com\/web\/wp-json\/wp\/v2\/categories?post=20084"},{"taxonomy":"post_tag","embeddable":true,"href":"https:\/\/bisbalpenedes.com\/web\/wp-json\/wp\/v2\/tags?post=20084"}],"curies":[{"name":"wp","href":"https:\/\/api.w.org\/{rel}","templated":true}]}}