{"id":20077,"date":"2021-11-24T18:27:03","date_gmt":"2021-11-24T16:27:03","guid":{"rendered":"https:\/\/bisbalpenedes.com\/web\/?p=20077"},"modified":"2021-11-24T18:27:03","modified_gmt":"2021-11-24T16:27:03","slug":"el-consell-esportiu-del-baix-penedes-reconeix-la-tasca-dels-centres-educatius-bisbalencs-en-lorganitzacio-del-cros-escolar-2019-20","status":"publish","type":"post","link":"https:\/\/bisbalpenedes.com\/web\/2021\/11\/24\/el-consell-esportiu-del-baix-penedes-reconeix-la-tasca-dels-centres-educatius-bisbalencs-en-lorganitzacio-del-cros-escolar-2019-20\/","title":{"rendered":"El Consell Esportiu del Baix Pened\u00e8s reconeix la tasca dels centres educatius bisbalencs en l&#8217;organitzaci\u00f3 del cros escolar 2019\/20"},"content":{"rendered":"\n<p>El CMC va acollir, ahir dimarts, l&#8217;entrega de reconeixements de la Temporada 20\/21 del Consell Esportiu del Baix Pened\u00e8s en el marc de la iniciativa &#8220;Fem esport, fem persones amb valors&#8221;, que ha reconegut la tasca organitzativa que es va fer per dur a terme el cros escolar durant el curs 2019\/20 i &#8220;la seva convicci\u00f3 i comprom\u00eds amb l&#8217;esport i l&#8217;activitat f\u00edsica durant la temporada passada&#8221;.&nbsp;<\/p>\n\n\n\n<p>Han rebut el reconeixement, en nom dels centres escolars i el seu alumnat: Jordi \u00c1lvaro, professor d&#8217;educaci\u00f3 f\u00edsica de l&#8217;IES Coster de la Torre; i Carolina Men\u00e9ndez, mestra d&#8217;educaci\u00f3 f\u00edsica de l&#8217;Escola Ull de Vent. L&#8217;acte ha comptat amb la pres\u00e8ncia de Manu Hern\u00e1ndez, vicepresident del Consell Esportiu del Baix Pened\u00e8s; la regidora d&#8217;Esports de l&#8217;Ajuntament de La Bisbal del Pened\u00e8s, Leo Uceda; i l&#8217;alcaldessa de la Bisbal del Pened\u00e8s, Agn\u00e8s Ferr\u00e9.<\/p>\n\n\n\n<p>Les distincions &#8220;Fem esport, fem persones amb valors&#8221; s&#8217;entreguen per recon\u00e8ixer la participaci\u00f3 dels esportistes, entitats o centres educatius de la poblaci\u00f3 per la seva tasca en l&#8217;\u00e0mbit esportiu. Com que la cloenda de la temporada 20\/21 es va veure afectada per les restriccions imposades per les mesures sanit\u00e0ries, des del Consell Esportiu del Baix Pened\u00e8s s&#8217;ha continuat amb l&#8217;entrega de reconeixements directament -i de forma individual- en cada municipi.<\/p>\n\n\n\n<figure class=\"wp-block-image size-large\"><img loading=\"lazy\" width=\"1024\" height=\"768\" src=\"https:\/\/bisbalpenedes.com\/web\/wp-content\/uploads\/2021\/11\/0B5EF2DD-C0CC-4EE2-B651-F2E14C190B91.jpeg\" alt=\"\" class=\"wp-image-20079\" srcset=\"https:\/\/bisbalpenedes.com\/web\/wp-content\/uploads\/2021\/11\/0B5EF2DD-C0CC-4EE2-B651-F2E14C190B91.jpeg 1024w, https:\/\/bisbalpenedes.com\/web\/wp-content\/uploads\/2021\/11\/0B5EF2DD-C0CC-4EE2-B651-F2E14C190B91-600x450.jpeg 600w, https:\/\/bisbalpenedes.com\/web\/wp-content\/uploads\/2021\/11\/0B5EF2DD-C0CC-4EE2-B651-F2E14C190B91-300x225.jpeg 300w, https:\/\/bisbalpenedes.com\/web\/wp-content\/uploads\/2021\/11\/0B5EF2DD-C0CC-4EE2-B651-F2E14C190B91-768x576.jpeg 768w\" sizes=\"(max-width: 1024px) 100vw, 1024px\" \/><\/figure>\n\n\n\n<hr class=\"wp-block-separator\"\/>\n\n\n\n<p>El CMC acogi\u00f3, ayer martes, la entrega de los reconocimientos de la Temporada 20\/21 del Consell Esportiu del Baix Pened\u00e8s en el marco de la iniciativa &#8220;Fem Esport, fem persones amb valors&#8221; (Hacemos deporte, hacemos personas con valores), que ha reconocido la labor organizativa que se hizo para llevar a cabo el cros escolar durante el curso 2019\/20 y &#8220;su convicci\u00f3n y compromiso con el deporte y la actividad f\u00edsica durante la temporada pasada&#8221;.<\/p>\n\n\n\n<p>Han recibido el reconocimiento, en nombre de los centros escolares y de su alumnado: Jordi \u00c1lvaro, profesor de educaci\u00f3n f\u00edsica del IES Coster de la Torre; y Carolina Men\u00e9ndez, maestra de educaci\u00f3n f\u00edsica de la Escola Ull de Vent. El acto ha contado con la presencia de Manu Hern\u00e1ndez, vicepresidente del Consell Esportiu del Baix Pened\u00e8s; la concejala de Deportes del Ayuntamiento de la Bisbal del Pened\u00e8s, Leo Uceda; y la alcaldesa de la Bisbal del Pened\u00e8s, Agn\u00e8s Ferr\u00e9.<\/p>\n\n\n\n<p>Las distinciones &#8220;Fem esport, fem persones amb valors&#8221; se entregan para reconocer la participaci\u00f3n de los deportistas, entidades o centros educativos de la poblaci\u00f3n por su labor en el \u00e1mbito deportivo. Habi\u00e9ndose dado el caso de que la clausura de la temporada 20\/21 se vio afectada por las restricciones impuestas por las medidas sanitarias, desde el Consell Esportiu del Baix Pened\u00e8s se ha continuado con la entrega de reconocimientos directamente -y de forma individual- en cada municipio.<\/p>\n","protected":false},"excerpt":{"rendered":"<p>El CMC va acollir, ahir dimarts, l&#8217;entrega de reconeixements de la Temporada 20\/21 del Consell Esportiu del Baix Pened\u00e8s en el marc de la iniciativa &#8220;Fem esport, fem persones amb &hellip; <a href=\"https:\/\/bisbalpenedes.com\/web\/2021\/11\/24\/el-consell-esportiu-del-baix-penedes-reconeix-la-tasca-dels-centres-educatius-bisbalencs-en-lorganitzacio-del-cros-escolar-2019-20\/\" class=\"more-link\">Read More<\/a><\/p>\n","protected":false},"author":4,"featured_media":20078,"comment_status":"closed","ping_status":"closed","sticky":false,"template":"","format":"standard","meta":[],"categories":[19,8],"tags":[2853,337,1475,393],"_links":{"self":[{"href":"https:\/\/bisbalpenedes.com\/web\/wp-json\/wp\/v2\/posts\/20077"}],"collection":[{"href":"https:\/\/bisbalpenedes.com\/web\/wp-json\/wp\/v2\/posts"}],"about":[{"href":"https:\/\/bisbalpenedes.com\/web\/wp-json\/wp\/v2\/types\/post"}],"author":[{"embeddable":true,"href":"https:\/\/bisbalpenedes.com\/web\/wp-json\/wp\/v2\/users\/4"}],"replies":[{"embeddable":true,"href":"https:\/\/bisbalpenedes.com\/web\/wp-json\/wp\/v2\/comments?post=20077"}],"version-history":[{"count":1,"href":"https:\/\/bisbalpenedes.com\/web\/wp-json\/wp\/v2\/posts\/20077\/revisions"}],"predecessor-version":[{"id":20080,"href":"https:\/\/bisbalpenedes.com\/web\/wp-json\/wp\/v2\/posts\/20077\/revisions\/20080"}],"wp:featuredmedia":[{"embeddable":true,"href":"https:\/\/bisbalpenedes.com\/web\/wp-json\/wp\/v2\/media\/20078"}],"wp:attachment":[{"href":"https:\/\/bisbalpenedes.com\/web\/wp-json\/wp\/v2\/media?parent=20077"}],"wp:term":[{"taxonomy":"category","embeddable":true,"href":"https:\/\/bisbalpenedes.com\/web\/wp-json\/wp\/v2\/categories?post=20077"},{"taxonomy":"post_tag","embeddable":true,"href":"https:\/\/bisbalpenedes.com\/web\/wp-json\/wp\/v2\/tags?post=20077"}],"curies":[{"name":"wp","href":"https:\/\/api.w.org\/{rel}","templated":true}]}}