{"id":20060,"date":"2021-11-23T22:08:33","date_gmt":"2021-11-23T20:08:33","guid":{"rendered":"https:\/\/bisbalpenedes.com\/web\/?p=20060"},"modified":"2021-12-13T19:41:07","modified_gmt":"2021-12-13T17:41:07","slug":"els-ajuntaments-de-la-bisbal-i-sant-jaume-han-aconseguit-que-la-delimitacio-dels-municipis-al-papagai-perque-no-divideixi-parcelles","status":"publish","type":"post","link":"https:\/\/bisbalpenedes.com\/web\/2021\/11\/23\/els-ajuntaments-de-la-bisbal-i-sant-jaume-han-aconseguit-que-la-delimitacio-dels-municipis-al-papagai-perque-no-divideixi-parcelles\/","title":{"rendered":"Els ajuntaments de la Bisbal i Sant Jaume han aconseguit que la delimitaci\u00f3 dels municipis al Papagai no divideixi parcel\u00b7les"},"content":{"rendered":"\n<p><em><span class=\"has-inline-color has-cyan-bluish-gray-color\">Foto (d&#8217;esquerra a dreta): Leo Uceda, segona tinenta d&#8217;alcaldia i regidora de Via P\u00fabica i Mobilitat de l&#8217;Ajuntament de La Bisbal del Pened\u00e8s; Marc Palau, alcalde de Sant Jaume dels Domenys; Agn\u00e8s Ferr\u00e9, alcaldessa de La Bisbal del Pened\u00e8s; Joan Ignasi L\u00f3pez, segon tinent d&#8217;alcaldia i regidor d&#8217;Urbanisme i Nuclis de l&#8217;Ajuntament de Sant Jaume dels Domenys.<\/span><\/em><\/p>\n\n\n\n<p>Els ajuntaments de la Bisbal del Pened\u00e8s i Sant Jaume dels Domenys han aconseguit que la delimitaci\u00f3 dels municipis al Papagai no divideixi parcel\u00b7les. El gener de 2017 l\u2019alcalde de Sant Jaume dels Domenys i l\u2019alcaldessa de la Bisbal del Pened\u00e8s es van reunir amb la Direcci\u00f3 General d\u2019Administraci\u00f3 Local de la Generalitat de Catalunya per proposar conjuntament i de mutu acord una alteraci\u00f3 del terme municipal dels dos municipis al seu pas pel Papagai, fent que el l\u00edmit pass\u00e9s pels carrers sense partir parcel\u00b7les. El Decret de presid\u00e8ncia de la Generalitat de Catalunya del 14 de setembre de 2021 va aprovar l\u2019alteraci\u00f3 dels termes municipals de Sant Jaume dels Domenys i La Bisbal del Pened\u00e8s i, posteriorment, el 17 de novembre de 2021, ambd\u00f3s ajuntaments i la Direcci\u00f3 General d\u2019Administraci\u00f3 Local de la Generalitat van signar l\u2019acta de reconeixement de la l\u00ednia de terme que assenyalen les tres fites:<\/p>\n\n\n\n<ul><li>Fita 1: se situa a l\u2019eix del torrent de Sant Marc. Aquesta fita \u00e9s tamb\u00e9 comuna al terme municipal de Lloren\u00e7 del Pened\u00e8s<\/li><\/ul>\n\n\n\n<ul><li>Fita 2: se situa a la Muntanya del Toni<\/li><\/ul>\n\n\n\n<ul><li>Fita 3: se situa a les Quatre fites.<\/li><\/ul>\n\n\n\n<figure class=\"wp-block-image size-large\"><img loading=\"lazy\" width=\"468\" height=\"384\" src=\"https:\/\/bisbalpenedes.com\/web\/wp-content\/uploads\/2021\/11\/Delimitacio\u0301-actual-1.png\" alt=\"\" class=\"wp-image-20071\" srcset=\"https:\/\/bisbalpenedes.com\/web\/wp-content\/uploads\/2021\/11\/Delimitacio\u0301-actual-1.png 468w, https:\/\/bisbalpenedes.com\/web\/wp-content\/uploads\/2021\/11\/Delimitacio\u0301-actual-1-300x246.png 300w\" sizes=\"(max-width: 468px) 100vw, 468px\" \/><figcaption>Delimitaci\u00f3 actual<\/figcaption><\/figure>\n\n\n\n<figure class=\"wp-block-image size-large\"><img loading=\"lazy\" width=\"850\" height=\"838\" src=\"https:\/\/bisbalpenedes.com\/web\/wp-content\/uploads\/2021\/11\/Delimitacio\u0301-actual-2.png\" alt=\"\" class=\"wp-image-20072\" srcset=\"https:\/\/bisbalpenedes.com\/web\/wp-content\/uploads\/2021\/11\/Delimitacio\u0301-actual-2.png 850w, https:\/\/bisbalpenedes.com\/web\/wp-content\/uploads\/2021\/11\/Delimitacio\u0301-actual-2-100x100.png 100w, https:\/\/bisbalpenedes.com\/web\/wp-content\/uploads\/2021\/11\/Delimitacio\u0301-actual-2-600x592.png 600w, https:\/\/bisbalpenedes.com\/web\/wp-content\/uploads\/2021\/11\/Delimitacio\u0301-actual-2-300x296.png 300w, https:\/\/bisbalpenedes.com\/web\/wp-content\/uploads\/2021\/11\/Delimitacio\u0301-actual-2-768x757.png 768w\" sizes=\"(max-width: 850px) 100vw, 850px\" \/><\/figure>\n\n\n\n<p>L\u2019alcaldessa de la Bisbal del Pened\u00e8s, Agn\u00e8s Ferr\u00e9, ha explicat que \u201cper a l\u2019equip de govern aix\u00f2 \u00e9s un pas endavant per a la gent del Papagai i seguirem treballant conjuntament amb l\u2019Ajuntament de Sant Jaume dels Domenys pel b\u00e9 dels ve\u00efns d\u2019aquest barri\u201d. Ferr\u00e9 ha volgut aclarir que, aquest canvi \u201cd\u2019alguna manera resol un problema hist\u00f2ric: en anar construint i consolidant-se la urbanitzaci\u00f3 -que pertany a dos municipis- va passar que alguns habitatges estaven sobre el l\u00edmit dels dos municipis i, per tant, una part de la casa havia de tributar en un municipi i, l\u2019altra part, a l\u2019altre. Per resoldre aquest problema, l\u2019any 1974 els alcaldes d\u2019ambd\u00f3s municipis van arribar a una entesa per modificar el l\u00edmit de terme que evit\u00e9s migpartir parcel\u00b7les i habitatges, passant pels carrers. No obstant aix\u00f2, el 2012 l\u2019Ajuntament de La Bisbal del Pened\u00e8s va iniciar el canvi de delimitaci\u00f3 per tornar a l\u2019anterior, \u00e9s a dir, el que partia els habitatges. Amb aquesta modificaci\u00f3, uns quants habitatges de Sant Jaume van passar a la Bisbal, algunes parcel\u00b7les van passar a estar entre els dos municipis i va passar que els propietaris no tenien clar a quin municipi pertanyia la seva finca i on havien de tributar. Per tot plegat, el 2017 vam iniciar els tr\u00e0mits per restaurar la l\u00ednia de terme i deixar-la com es va acordar el 1974\u201d.<\/p>\n\n\n\n<figure class=\"wp-block-image size-large\"><img loading=\"lazy\" width=\"626\" height=\"798\" src=\"https:\/\/bisbalpenedes.com\/web\/wp-content\/uploads\/2021\/11\/Delimitacio\u0301-Papagai-original-anterior-a-1974.png\" alt=\"\" class=\"wp-image-20070\" srcset=\"https:\/\/bisbalpenedes.com\/web\/wp-content\/uploads\/2021\/11\/Delimitacio\u0301-Papagai-original-anterior-a-1974.png 626w, https:\/\/bisbalpenedes.com\/web\/wp-content\/uploads\/2021\/11\/Delimitacio\u0301-Papagai-original-anterior-a-1974-600x765.png 600w, https:\/\/bisbalpenedes.com\/web\/wp-content\/uploads\/2021\/11\/Delimitacio\u0301-Papagai-original-anterior-a-1974-235x300.png 235w\" sizes=\"(max-width: 626px) 100vw, 626px\" \/><figcaption>Delimitaci\u00f3 original (anterior a 1974)<\/figcaption><\/figure>\n\n\n\n<p>Ara el cadastre est\u00e0 duent a terme l\u2019actualitzaci\u00f3 de la delimitaci\u00f3 i des de BASE Gesti\u00f3 d\u2019ingressos tamb\u00e9, per tal que el 2022 cada habitatge rebi la liquidaci\u00f3 d\u2019impostos del municipi corresponent. Tamb\u00e9 s\u2019hauran de regularitzar els impostos i taxes que no s\u2019han liquidat aquests anys a causa d\u2019aquest l\u00edmit que dividia parcel\u00b7les. En tot cas, ambd\u00f3s ajuntaments aniran informant de les regularitzacions i les facilitats que se\u2019ls proposaran als interessats, \u201cperqu\u00e8 tot quedi arreglat com m\u00e9s aviat, millor\u201d.<\/p>\n\n\n\n<hr class=\"wp-block-separator\"\/>\n\n\n\n<p><strong>CASTELLANO<\/strong> | Los ayuntamientos de la Bisbal del Pened\u00e8s y Sant Jaume dels Domenys han conseguido que la delimitacion de los municipios en el Papagai no divida parcelas. En enero de 2017, el alcalde de Sant Jaume dels Domenys y la alcaldesa de la Bisbal del Pened\u00e8s se reunieron con la Direcci\u00f3n General de Administraci\u00f3n Local de la Generalitat de Catalunya para proponer conjuntamente y de mutuo acuerdo una alteraci\u00f3n del t\u00e9rmino municipal de ambos municipios a su paso por el Papagai, haciendo que el l\u00edmite pasase por las calles sin partir parcelas. El Decreto de presidencia de la Generalitat de Catalunya del 14 de septiembre de 2021 aprob\u00f3 la alteraci\u00f3n de los t\u00e9rminos municipales de Sant Jaume dels Domenys y La Bisbal del Pene`des y, posteriormente, el 17 de noviembre de 2021, ambos ayuntamientos y la direcci\u00f3n General de Administraci\u00f3n Local de la Generalitat firmaron el acta de reconocimiento de la l\u00ednea de t\u00e9rmino que se\u00f1alan los tres hitos:<\/p>\n\n\n\n<ul><li>Hito 1: se sit\u00faa en el eje del torrente de Sant Marc. Este hito es tambi\u00e9n com\u00fan en el t\u00e9rmino municipal de Lloren\u00e7 del Pened\u00e8s.<\/li><\/ul>\n\n\n\n<ul><li>Hito 2: se sit\u00faa en la monta\u00f1a del Toni<\/li><\/ul>\n\n\n\n<ul><li>Hito 3: se sit\u00faa en las&nbsp;<em>Quatre fites<\/em><\/li><\/ul>\n\n\n\n<p>La alcaldesa de la Bisbal del Pened\u00e8s, Agn\u00e8s Ferr\u00e9, ha explicado que \u201cpara el equipo de gobierno esto es un paso adelante para la gente del Papagai y seguiremos trabajando conjuntamente con el Ayuntamiento de Sant Jaume dels Domenys por el bien de los vecinos de este barrio\u201d. Ferr\u00e9 ha querido aclarar que, este cambio \u201cde alguna manera resuelve un problema hist\u00f3rico: al ir construyendo y consolid\u00e1ndose la urbanizaci\u00f3n -que pertenece a dos municipios- pas\u00f3 que algunas viviendas estaban sobre el l\u00edmite de los dos municipios y, por tanto, una parte de la casa ten\u00eda que tributar en un municipio y, la otra parte, en el otro. Para resolver este problema, el a\u00f1o 1974 los alcaldes de ambos municipios llegaron a un acuerdo para modificar el l\u00edmite del t\u00e9rmino que evitase partir por la mitad parcelas y viviendas, pasando por las calles. No obstante, en el 2012 el Ayuntamiento de La Bisbal del Pened\u00e8s inici\u00f3 el cambio de delimitaci\u00f3n para volver a la anterior, es decir, la que part\u00eda las viviendas. Con esta modificaci\u00f3n, unas cuantas viviendas de Sant Jaume pasaron a la Bisbal, algunas parcelas pasaron a estar entre ambos municipios y pas\u00f3 que los propietarios no ten\u00edan claro a qu\u00e9 municipio pertenec\u00eda su finca y donde ten\u00edan que tributar. Por todo ello, en el 2017 iniciamos los tr\u00e1mites para restaurar la l\u00ednea de t\u00e9rmino y dejarla como se acord\u00f3 en 1974\u201d.<\/p>\n\n\n\n<p>Ahora el catastro est\u00e1 llevando a cabo la actualizaci\u00f3n de la delimitaci\u00f3n y desde BASE Gesti\u00f3n de Ingresos tambi\u00e9n, con tal que en el 2022 cada vivienda reciba la liquidaci\u00f3n de impuestos del municipio correspondiente. Tambi\u00e9n se tendr\u00e1n que regularizar los impuestos y tasas que no se han liquidado estos a\u00f1os a causa de este l\u00edmite que divid\u00eda parcelas. En todo caso, ambos ayuntamientos ir\u00e1n informando de las regularizaciones y de las facilidades que se propondr\u00e1n a los interesados, \u201cpara que todo quede arreglado lo antes posible\u201d.<\/p>\n\n\n\n<hr class=\"wp-block-separator\"\/>\n\n\n\n<p>ACTUALITZACI\u00d3 13\/12\/21: NOT\u00cdCIA AL TN COMARQUES<\/p>\n\n\n\n<iframe loading=\"lazy\" src=\"https:\/\/www.ccma.cat\/video\/embed\/6134215\/\" allowfullscreen scrolling=\"no\" frameborder=\"0\" width=\"500px\" height=\"281px\"><\/iframe>\n","protected":false},"excerpt":{"rendered":"<p>Foto (d&#8217;esquerra a dreta): Leo Uceda, segona tinenta d&#8217;alcaldia i regidora de Via P\u00fabica i Mobilitat de l&#8217;Ajuntament de La Bisbal del Pened\u00e8s; Marc Palau, alcalde de Sant Jaume dels &hellip; <a href=\"https:\/\/bisbalpenedes.com\/web\/2021\/11\/23\/els-ajuntaments-de-la-bisbal-i-sant-jaume-han-aconseguit-que-la-delimitacio-dels-municipis-al-papagai-perque-no-divideixi-parcelles\/\" class=\"more-link\">Read More<\/a><\/p>\n","protected":false},"author":4,"featured_media":20061,"comment_status":"closed","ping_status":"closed","sticky":false,"template":"","format":"standard","meta":[],"categories":[8,15],"tags":[1795,393,24,1842],"_links":{"self":[{"href":"https:\/\/bisbalpenedes.com\/web\/wp-json\/wp\/v2\/posts\/20060"}],"collection":[{"href":"https:\/\/bisbalpenedes.com\/web\/wp-json\/wp\/v2\/posts"}],"about":[{"href":"https:\/\/bisbalpenedes.com\/web\/wp-json\/wp\/v2\/types\/post"}],"author":[{"embeddable":true,"href":"https:\/\/bisbalpenedes.com\/web\/wp-json\/wp\/v2\/users\/4"}],"replies":[{"embeddable":true,"href":"https:\/\/bisbalpenedes.com\/web\/wp-json\/wp\/v2\/comments?post=20060"}],"version-history":[{"count":5,"href":"https:\/\/bisbalpenedes.com\/web\/wp-json\/wp\/v2\/posts\/20060\/revisions"}],"predecessor-version":[{"id":20323,"href":"https:\/\/bisbalpenedes.com\/web\/wp-json\/wp\/v2\/posts\/20060\/revisions\/20323"}],"wp:featuredmedia":[{"embeddable":true,"href":"https:\/\/bisbalpenedes.com\/web\/wp-json\/wp\/v2\/media\/20061"}],"wp:attachment":[{"href":"https:\/\/bisbalpenedes.com\/web\/wp-json\/wp\/v2\/media?parent=20060"}],"wp:term":[{"taxonomy":"category","embeddable":true,"href":"https:\/\/bisbalpenedes.com\/web\/wp-json\/wp\/v2\/categories?post=20060"},{"taxonomy":"post_tag","embeddable":true,"href":"https:\/\/bisbalpenedes.com\/web\/wp-json\/wp\/v2\/tags?post=20060"}],"curies":[{"name":"wp","href":"https:\/\/api.w.org\/{rel}","templated":true}]}}