{"id":20056,"date":"2021-11-22T21:30:34","date_gmt":"2021-11-22T19:30:34","guid":{"rendered":"https:\/\/bisbalpenedes.com\/web\/?p=20056"},"modified":"2021-11-22T21:30:34","modified_gmt":"2021-11-22T19:30:34","slug":"el-ple-daprovacio-del-pressupost-de-lany-2022-se-celebrara-el-dilluns-29-de-novembre-el-pressupost-de-lajuntament-de-la-bisbal-del-penedes-per-a-lany-vinent-ascendeix-a","status":"publish","type":"post","link":"https:\/\/bisbalpenedes.com\/web\/2021\/11\/22\/el-ple-daprovacio-del-pressupost-de-lany-2022-se-celebrara-el-dilluns-29-de-novembre-el-pressupost-de-lajuntament-de-la-bisbal-del-penedes-per-a-lany-vinent-ascendeix-a\/","title":{"rendered":"El Ple d\u2019aprovaci\u00f3 del pressupost de l\u2019any 2022 se celebrar\u00e0 el dilluns 29 de novembre &#8211; El pressupost de l\u2019Ajuntament de La Bisbal del Pened\u00e8s per a l&#8217;any vinent ascendeix a 4,8 milions d\u2019euros i l\u2019endeutament \u00e9s d\u2019un 0%"},"content":{"rendered":"\n<p>L\u2019Ajuntament de La Bisbal del Pened\u00e8s celebrar\u00e0 el Ple d\u2019aprovaci\u00f3 del pressupost de l\u2019any 2022 el dilluns 29 de novembre a la tarda. Vuit dies abans de la celebraci\u00f3 del Ple s\u2019ha fet arribar la documentaci\u00f3 referent als pressupostos als regidors i regidores que formen part del grup de l\u2019oposici\u00f3 perqu\u00e8, aix\u00ed, puguin tenir m\u00e9s temps per analitzar-la que si s\u2019hagu\u00e9s enviat la informaci\u00f3 en el moment de la convocat\u00f2ria del Ple extraordinari.<\/p>\n\n\n\n<p>El pressupost de l\u2019any 2022 ascendeix a 4,8 milions d\u2019euros i l\u2019Ajuntament t\u00e9 un 0% d\u2019endeutament. L\u2019alcaldessa de la Bisbal del Pened\u00e8s, Agn\u00e8s Ferr\u00e9, ha explicat que \u201caquests anys hem fet una bona gesti\u00f3 dels diners p\u00fablics i, per aix\u00f2, avui dia podem dir que l\u2019Ajuntament no est\u00e0 endeutat\u201d. Ferr\u00e9 ha afegit que \u201cper set\u00e8 any consecutiu es congelaran els impostos i les taxes, ja que l\u2019Ajuntament est\u00e0 sanejat econ\u00f2micament, amb un increment en inversions i sense endeutament\u201d.<\/p>\n\n\n\n<hr class=\"wp-block-separator\"\/>\n\n\n\n<p><strong>CASTELLANO<\/strong>&nbsp;&nbsp;|&nbsp;El Ayuntamiento de La Bisbal del Pened\u00e8s celebrar\u00e1 el Pleno de aprobaci\u00f3n del presupuesto del a\u00f1o 2022 el lunes 29 de noviembre&nbsp;&nbsp;por&nbsp;&nbsp;la tarde. Ocho d\u00edas antes de la celebraci\u00f3n del Pleno se les ha hecho llegar la documentaci\u00f3n referente a los presupuestos a los concejales y concejalas que forman parte del grupo de&nbsp;&nbsp;la oposici\u00f3n para que, as\u00ed, puedan tener m\u00e1s tiempo de analizarla que si se hubiese enviado la informaci\u00f3n en el momento de la convocatoria del Pleno extraordinario.<\/p>\n\n\n\n<p>El&nbsp;&nbsp;presupuesto del a\u00f1o 2022 asciende a 4,8 millones&nbsp;&nbsp;de euros y el Ayuntamiento tiene un 0% de endeudamiento. La alcaldesa de La Bisbal del Pened\u00e8s, Agn\u00e8s Ferr\u00e9, ha explicado que \u201destos a\u00f1os hemos hecho una buena gesti\u00f3n del dinero p\u00fablico y, por esto, a d\u00eda de hoy podemos decir que el Ayuntamiento no est\u00e1 endeudado\u201d. Ferr\u00e9 ha a\u00f1adido que \u201cpor&nbsp;&nbsp;s\u00e9ptimo a\u00f1o consecutivo se congelar\u00e1n los impuestos y tasas,&nbsp;&nbsp;ya que el Ayuntamiento est\u00e1 saneado econ\u00f3micamente, con un incremento en inversiones y sin endeudamiento\u201d<\/p>\n","protected":false},"excerpt":{"rendered":"<p>L\u2019Ajuntament de La Bisbal del Pened\u00e8s celebrar\u00e0 el Ple d\u2019aprovaci\u00f3 del pressupost de l\u2019any 2022 el dilluns 29 de novembre a la tarda. Vuit dies abans de la celebraci\u00f3 del &hellip; <a href=\"https:\/\/bisbalpenedes.com\/web\/2021\/11\/22\/el-ple-daprovacio-del-pressupost-de-lany-2022-se-celebrara-el-dilluns-29-de-novembre-el-pressupost-de-lajuntament-de-la-bisbal-del-penedes-per-a-lany-vinent-ascendeix-a\/\" class=\"more-link\">Read More<\/a><\/p>\n","protected":false},"author":4,"featured_media":20058,"comment_status":"closed","ping_status":"closed","sticky":false,"template":"","format":"standard","meta":[],"categories":[3835,8,2250],"tags":[393,139,423,4789],"_links":{"self":[{"href":"https:\/\/bisbalpenedes.com\/web\/wp-json\/wp\/v2\/posts\/20056"}],"collection":[{"href":"https:\/\/bisbalpenedes.com\/web\/wp-json\/wp\/v2\/posts"}],"about":[{"href":"https:\/\/bisbalpenedes.com\/web\/wp-json\/wp\/v2\/types\/post"}],"author":[{"embeddable":true,"href":"https:\/\/bisbalpenedes.com\/web\/wp-json\/wp\/v2\/users\/4"}],"replies":[{"embeddable":true,"href":"https:\/\/bisbalpenedes.com\/web\/wp-json\/wp\/v2\/comments?post=20056"}],"version-history":[{"count":1,"href":"https:\/\/bisbalpenedes.com\/web\/wp-json\/wp\/v2\/posts\/20056\/revisions"}],"predecessor-version":[{"id":20059,"href":"https:\/\/bisbalpenedes.com\/web\/wp-json\/wp\/v2\/posts\/20056\/revisions\/20059"}],"wp:featuredmedia":[{"embeddable":true,"href":"https:\/\/bisbalpenedes.com\/web\/wp-json\/wp\/v2\/media\/20058"}],"wp:attachment":[{"href":"https:\/\/bisbalpenedes.com\/web\/wp-json\/wp\/v2\/media?parent=20056"}],"wp:term":[{"taxonomy":"category","embeddable":true,"href":"https:\/\/bisbalpenedes.com\/web\/wp-json\/wp\/v2\/categories?post=20056"},{"taxonomy":"post_tag","embeddable":true,"href":"https:\/\/bisbalpenedes.com\/web\/wp-json\/wp\/v2\/tags?post=20056"}],"curies":[{"name":"wp","href":"https:\/\/api.w.org\/{rel}","templated":true}]}}