{"id":20054,"date":"2021-11-23T18:18:18","date_gmt":"2021-11-23T16:18:18","guid":{"rendered":"https:\/\/bisbalpenedes.com\/web\/?p=20054"},"modified":"2021-11-23T18:18:18","modified_gmt":"2021-11-23T16:18:18","slug":"punts-de-lordre-del-dia-de-la-junta-de-govern-local-del-22-11-21-amb-competencies-delegades-del-ple","status":"publish","type":"post","link":"https:\/\/bisbalpenedes.com\/web\/2021\/11\/23\/punts-de-lordre-del-dia-de-la-junta-de-govern-local-del-22-11-21-amb-competencies-delegades-del-ple\/","title":{"rendered":"Punts de l\u2019Ordre del dia de la Junta de Govern local del 22\/11\/21 amb compet\u00e8ncies delegades del Ple"},"content":{"rendered":"\n<p>La Junta de Govern del 22 de novembre inclo\u00efa -i va aprovar- dues propostes amb compet\u00e8ncia del Ple delegada a la Junta de Govern:<\/p>\n\n\n\n<ul><li>Retirada del cinqu\u00e8 classificat i petici\u00f3 de documentaci\u00f3 al sis\u00e8 classificat del procediment de contractaci\u00f3 de les obres de la primera fase del poliesportiu municipal.<\/li><\/ul>\n\n\n\n<ul><li>Iniciar procediment de penalitzaci\u00f3, si s\u2019escau, a la quarta empresa classificada en l\u2019adjudicaci\u00f3 de les obres de la primera fase del poliesportiu municipal.<\/li><\/ul>\n\n\n\n<p>Les sessions de la Junta de Govern Local no s\u00f3n p\u00fabliques, per\u00f2 quan actua amb compet\u00e8ncies delegades del Ple, la sessi\u00f3 se sotmet als mateixos requisits de publicitat que les sessions del Ple, que s\u00f3n p\u00fabliques. Aix\u00ed ho va declarar la STS 161\/2013, de 26 de setembre. Per aquest motiu, el dilluns 22 de novembre, a les 19:15h, s\u2019han obert les portes de la sala de Plens perqu\u00e8, qui ho desitg\u00e9s, pogu\u00e9s assistir com a p\u00fablic a l\u2019explicaci\u00f3 i votaci\u00f3 d\u2019aquests punts de la Junta de Govern.<\/p>\n\n\n\n<p>Per tot plegat, se li va fer arribar la informaci\u00f3 d\u2019aquestes propostes als regidors i regidores de l\u2019oposici\u00f3 de forma pr\u00e8via, convidant-los a assistir com a p\u00fablic. Tot i que aquests punts s\u2019han obert a l\u2019assist\u00e8ncia de p\u00fablic, tamb\u00e9 s\u2019han gravat i publiquem el v\u00eddeo a Youtube per garantir la seva publicitat.<\/p>\n\n\n\n<figure class=\"wp-block-embed is-type-video is-provider-youtube wp-block-embed-youtube wp-embed-aspect-16-9 wp-has-aspect-ratio\"><div class=\"wp-block-embed__wrapper\">\n<iframe loading=\"lazy\" title=\"Punts de l\u2019Ordre del dia de la Junta de Govern local del 22\/11\/21 amb compet\u00e8ncies delegades del Ple\" width=\"1170\" height=\"658\" src=\"https:\/\/www.youtube.com\/embed\/XokXE4mEkeQ?feature=oembed\" frameborder=\"0\" allow=\"accelerometer; autoplay; clipboard-write; encrypted-media; gyroscope; picture-in-picture\" allowfullscreen><\/iframe>\n<\/div><\/figure>\n\n\n\n<hr class=\"wp-block-separator\"\/>\n\n\n\n<p>La Junta de Gobierno del 22 de noviembre inclu\u00eda -y aprob\u00f3- dos propuestas con competencia del Pleno delegada a la Junta de Gobierno:<\/p>\n\n\n\n<ul><li>Retirada del quinto clasificado y petici\u00f3n de documentaci\u00f3n al sexto clasificado del procedimiento de contrataci\u00f3n de las obras de la primera fase del polideportivo municipal.<\/li><\/ul>\n\n\n\n<ul><li>Iniciar procedimiento de penalizaci\u00f3n, si corresponde, a la cuarta empresa clasificada en la adjudicaci\u00f3n de las obras de la primera fase del polideportivo municipal.<\/li><\/ul>\n\n\n\n<p>Las sesiones de la Junta de Gobierno Local no son p\u00fablicas, pero cuando act\u00faa con competencias delegadas del Pleno, la sesi\u00f3n se somete a los mismos requisitos de publicidad que las sesiones del Pleno, que son p\u00fablicas. As\u00ed lo declar\u00f3 la STS 161\/2013, de 26 de septiembre. Por este motivo, el lunes 22 de noviembre, a las 19:15h, se han abierto las puertas de la Sala de Plenos para que, quien lo desease, pudiese asistir como p\u00fablico a la explicaci\u00f3n y votaci\u00f3n de estos puntos de la Junta de Gobierno.<\/p>\n\n\n\n<p>Por todo ello, se les hizo llegar a los concejales y concejalas de la oposici\u00f3n, con anterioridad, la informaci\u00f3n sobre estas propuestas, invit\u00e1ndoles a asistir como p\u00fablico. Aunque estos puntos se han abierto a la asistencia de p\u00fablico, tambi\u00e9n se han grabado y ahora se publica el v\u00eddeo en Youtube para garantizar su publicidad.<\/p>\n\n\n\n<figure class=\"wp-block-embed is-type-video is-provider-youtube wp-block-embed-youtube wp-embed-aspect-16-9 wp-has-aspect-ratio\"><div class=\"wp-block-embed__wrapper\">\n<iframe loading=\"lazy\" title=\"Punts de l\u2019Ordre del dia de la Junta de Govern local del 22\/11\/21 amb compet\u00e8ncies delegades del Ple\" width=\"1170\" height=\"658\" src=\"https:\/\/www.youtube.com\/embed\/XokXE4mEkeQ?feature=oembed\" frameborder=\"0\" allow=\"accelerometer; autoplay; clipboard-write; encrypted-media; gyroscope; picture-in-picture\" allowfullscreen><\/iframe>\n<\/div><\/figure>\n","protected":false},"excerpt":{"rendered":"<p>La Junta de Govern del 22 de novembre inclo\u00efa -i va aprovar- dues propostes amb compet\u00e8ncia del Ple delegada a la Junta de Govern: Retirada del cinqu\u00e8 classificat i petici\u00f3 &hellip; <a href=\"https:\/\/bisbalpenedes.com\/web\/2021\/11\/23\/punts-de-lordre-del-dia-de-la-junta-de-govern-local-del-22-11-21-amb-competencies-delegades-del-ple\/\" class=\"more-link\">Read More<\/a><\/p>\n","protected":false},"author":4,"featured_media":20063,"comment_status":"closed","ping_status":"closed","sticky":false,"template":"","format":"standard","meta":[],"categories":[3085,8,2250],"tags":[4175,686,393],"_links":{"self":[{"href":"https:\/\/bisbalpenedes.com\/web\/wp-json\/wp\/v2\/posts\/20054"}],"collection":[{"href":"https:\/\/bisbalpenedes.com\/web\/wp-json\/wp\/v2\/posts"}],"about":[{"href":"https:\/\/bisbalpenedes.com\/web\/wp-json\/wp\/v2\/types\/post"}],"author":[{"embeddable":true,"href":"https:\/\/bisbalpenedes.com\/web\/wp-json\/wp\/v2\/users\/4"}],"replies":[{"embeddable":true,"href":"https:\/\/bisbalpenedes.com\/web\/wp-json\/wp\/v2\/comments?post=20054"}],"version-history":[{"count":2,"href":"https:\/\/bisbalpenedes.com\/web\/wp-json\/wp\/v2\/posts\/20054\/revisions"}],"predecessor-version":[{"id":20064,"href":"https:\/\/bisbalpenedes.com\/web\/wp-json\/wp\/v2\/posts\/20054\/revisions\/20064"}],"wp:featuredmedia":[{"embeddable":true,"href":"https:\/\/bisbalpenedes.com\/web\/wp-json\/wp\/v2\/media\/20063"}],"wp:attachment":[{"href":"https:\/\/bisbalpenedes.com\/web\/wp-json\/wp\/v2\/media?parent=20054"}],"wp:term":[{"taxonomy":"category","embeddable":true,"href":"https:\/\/bisbalpenedes.com\/web\/wp-json\/wp\/v2\/categories?post=20054"},{"taxonomy":"post_tag","embeddable":true,"href":"https:\/\/bisbalpenedes.com\/web\/wp-json\/wp\/v2\/tags?post=20054"}],"curies":[{"name":"wp","href":"https:\/\/api.w.org\/{rel}","templated":true}]}}