{"id":20051,"date":"2021-11-22T18:36:01","date_gmt":"2021-11-22T16:36:01","guid":{"rendered":"https:\/\/bisbalpenedes.com\/web\/?p=20051"},"modified":"2021-11-22T18:36:01","modified_gmt":"2021-11-22T16:36:01","slug":"el-dijous-25-de-novembre-al-mati-caminarem-contra-la-violencia-envers-les-dones","status":"publish","type":"post","link":"https:\/\/bisbalpenedes.com\/web\/2021\/11\/22\/el-dijous-25-de-novembre-al-mati-caminarem-contra-la-violencia-envers-les-dones\/","title":{"rendered":"El dijous 25 de novembre al mat\u00ed caminarem contra la viol\u00e8ncia envers les dones"},"content":{"rendered":"\n<p>El dia 25 de novembre \u00e9s el Dia internacional per a l&#8217;eliminaci\u00f3 de la viol\u00e8ncia envers les dones. Amb motiu d&#8217;aquesta jornada, l\u2019Ajuntament de la Bisbal del Pened\u00e8s ha organitzat una caminada -amb sortida a les 11h des de l\u2019Ajuntament de La Bisbal del Pened\u00e8s- per visitar el mural que l\u2019artista Jordi Romeu ha fet de forma volunt\u00e0ria, al Priorat de la Bisbal, amb els materials que li ha facilitat Aqualia. Al davant d\u2019aquest mural es far\u00e0 la lectura del manifest contra la viol\u00e8ncia envers les dones. L&#8217;organitzaci\u00f3 dels actes del 25N compta amb la col\u00b7laboraci\u00f3 d&#8217;Aqualia, l&#8217;Associaci\u00f3 de Dones La Roca Foradada, l&#8217;Associaci\u00f3 de la Gent Gran, l&#8217;Associaci\u00f3 de ve\u00efns del barri del Priorat de la Bisbal i l&#8217;Associaci\u00f3 de ve\u00efns i amics del Priorat.<\/p>\n\n\n\n<hr class=\"wp-block-separator\"\/>\n\n\n\n<p>El d\u00eda 25 de noviembre es el D\u00eda internacional para la eliminaci\u00f3n de la violencia hacia las mujeres. Con motivo de esta jornada, el Ayuntamiento de la Bisbal del Pened\u00e8s ha organizado una caminada -con salida a las 11h desde el Ayuntamiento de La Bisbal del Pened\u00e8s- para visitar el mural que el artista Jordi Romeu ha hecho de forma voluntaria, en el Priorat de la Bisbal, con los materiales que le ha facilitado Aqualia. Delante de esta mural se har\u00e1 la lectura del manifiesto contra la violencia hacia las mujeres.La organizaci\u00f3n de los actos del 25N cuenta con la colaboraci\u00f3n de Aqualia, la Associaci\u00f3 de Dones La Roca Foradada, l&#8217;Associaci\u00f3 de la Gent Gran, l&#8217;Associaci\u00f3 de ve\u00efns del barri del Priorat i l&#8217;Associaci\u00f3 de ve\u00efns i amics del Priorat.<\/p>\n","protected":false},"excerpt":{"rendered":"<p>El dia 25 de novembre \u00e9s el Dia internacional per a l&#8217;eliminaci\u00f3 de la viol\u00e8ncia envers les dones. Amb motiu d&#8217;aquesta jornada, l\u2019Ajuntament de la Bisbal del Pened\u00e8s ha organitzat &hellip; <a href=\"https:\/\/bisbalpenedes.com\/web\/2021\/11\/22\/el-dijous-25-de-novembre-al-mati-caminarem-contra-la-violencia-envers-les-dones\/\" class=\"more-link\">Read More<\/a><\/p>\n","protected":false},"author":4,"featured_media":20052,"comment_status":"closed","ping_status":"closed","sticky":false,"template":"","format":"standard","meta":[],"categories":[3851,8],"tags":[4224,315,1723,4911,4914,393,4388,520],"_links":{"self":[{"href":"https:\/\/bisbalpenedes.com\/web\/wp-json\/wp\/v2\/posts\/20051"}],"collection":[{"href":"https:\/\/bisbalpenedes.com\/web\/wp-json\/wp\/v2\/posts"}],"about":[{"href":"https:\/\/bisbalpenedes.com\/web\/wp-json\/wp\/v2\/types\/post"}],"author":[{"embeddable":true,"href":"https:\/\/bisbalpenedes.com\/web\/wp-json\/wp\/v2\/users\/4"}],"replies":[{"embeddable":true,"href":"https:\/\/bisbalpenedes.com\/web\/wp-json\/wp\/v2\/comments?post=20051"}],"version-history":[{"count":1,"href":"https:\/\/bisbalpenedes.com\/web\/wp-json\/wp\/v2\/posts\/20051\/revisions"}],"predecessor-version":[{"id":20053,"href":"https:\/\/bisbalpenedes.com\/web\/wp-json\/wp\/v2\/posts\/20051\/revisions\/20053"}],"wp:featuredmedia":[{"embeddable":true,"href":"https:\/\/bisbalpenedes.com\/web\/wp-json\/wp\/v2\/media\/20052"}],"wp:attachment":[{"href":"https:\/\/bisbalpenedes.com\/web\/wp-json\/wp\/v2\/media?parent=20051"}],"wp:term":[{"taxonomy":"category","embeddable":true,"href":"https:\/\/bisbalpenedes.com\/web\/wp-json\/wp\/v2\/categories?post=20051"},{"taxonomy":"post_tag","embeddable":true,"href":"https:\/\/bisbalpenedes.com\/web\/wp-json\/wp\/v2\/tags?post=20051"}],"curies":[{"name":"wp","href":"https:\/\/api.w.org\/{rel}","templated":true}]}}