{"id":20045,"date":"2021-11-22T18:13:59","date_gmt":"2021-11-22T16:13:59","guid":{"rendered":"https:\/\/bisbalpenedes.com\/web\/?p=20045"},"modified":"2021-11-22T18:13:59","modified_gmt":"2021-11-22T16:13:59","slug":"avis-per-intensitat-de-pluja-i-ventades-per-al-dimarts-23-de-novembre","status":"publish","type":"post","link":"https:\/\/bisbalpenedes.com\/web\/2021\/11\/22\/avis-per-intensitat-de-pluja-i-ventades-per-al-dimarts-23-de-novembre\/","title":{"rendered":"Av\u00eds per intensitat de pluja i ventades per al dimarts 23 de novembre"},"content":{"rendered":"\n<p>El Servei Meteorol\u00f2gic de Catalunya ha em\u00e8s un av\u00eds per intensitat de pluja per al dimarts 23 de novembre. Segons la informaci\u00f3 que ha publicat en Meteocat, els x\u00e0fecs aniran sovint acompanyats de tempesta. S\u00f3n probables fen\u00f2mens de temps violent. Extremeu les precaucions.<\/p>\n\n\n\n<hr class=\"wp-block-separator\"\/>\n\n\n\n<p>El Servicio Meteorol\u00f3gico de Catalunya ha emitido un aviso por intensidad de lluvia para el martes 23 de noviembre. Seg\u00fan la informaci\u00f3n que ha publicado el Meteocat, los chubascos ir\u00e1n a menudo acompa\u00f1ados de tormenta. Son probables fen\u00f3menos de tiempo violento. Extremad las precauciones.<\/p>\n\n\n\n<figure class=\"wp-block-image size-large\"><img loading=\"lazy\" width=\"768\" height=\"1024\" src=\"https:\/\/bisbalpenedes.com\/web\/wp-content\/uploads\/2021\/11\/AVIS-VENT-23-NOV-21-768x1024.jpg\" alt=\"\" class=\"wp-image-20046\" srcset=\"https:\/\/bisbalpenedes.com\/web\/wp-content\/uploads\/2021\/11\/AVIS-VENT-23-NOV-21-768x1024.jpg 768w, https:\/\/bisbalpenedes.com\/web\/wp-content\/uploads\/2021\/11\/AVIS-VENT-23-NOV-21-scaled-600x800.jpg 600w, https:\/\/bisbalpenedes.com\/web\/wp-content\/uploads\/2021\/11\/AVIS-VENT-23-NOV-21-225x300.jpg 225w, https:\/\/bisbalpenedes.com\/web\/wp-content\/uploads\/2021\/11\/AVIS-VENT-23-NOV-21-1152x1536.jpg 1152w, https:\/\/bisbalpenedes.com\/web\/wp-content\/uploads\/2021\/11\/AVIS-VENT-23-NOV-21-1536x2048.jpg 1536w, https:\/\/bisbalpenedes.com\/web\/wp-content\/uploads\/2021\/11\/AVIS-VENT-23-NOV-21-scaled.jpg 1920w\" sizes=\"(max-width: 768px) 100vw, 768px\" \/><\/figure>\n\n\n\n<figure class=\"wp-block-image size-large\"><img loading=\"lazy\" width=\"724\" height=\"1024\" src=\"https:\/\/bisbalpenedes.com\/web\/wp-content\/uploads\/2021\/11\/INFO-INUNDACIONS-GENCAT-724x1024.jpg\" alt=\"\" class=\"wp-image-20047\" srcset=\"https:\/\/bisbalpenedes.com\/web\/wp-content\/uploads\/2021\/11\/INFO-INUNDACIONS-GENCAT-724x1024.jpg 724w, https:\/\/bisbalpenedes.com\/web\/wp-content\/uploads\/2021\/11\/INFO-INUNDACIONS-GENCAT-600x848.jpg 600w, https:\/\/bisbalpenedes.com\/web\/wp-content\/uploads\/2021\/11\/INFO-INUNDACIONS-GENCAT-212x300.jpg 212w, https:\/\/bisbalpenedes.com\/web\/wp-content\/uploads\/2021\/11\/INFO-INUNDACIONS-GENCAT-768x1086.jpg 768w, https:\/\/bisbalpenedes.com\/web\/wp-content\/uploads\/2021\/11\/INFO-INUNDACIONS-GENCAT-1087x1536.jpg 1087w, https:\/\/bisbalpenedes.com\/web\/wp-content\/uploads\/2021\/11\/INFO-INUNDACIONS-GENCAT.jpg 1170w\" sizes=\"(max-width: 724px) 100vw, 724px\" \/><\/figure>\n","protected":false},"excerpt":{"rendered":"<p>El Servei Meteorol\u00f2gic de Catalunya ha em\u00e8s un av\u00eds per intensitat de pluja per al dimarts 23 de novembre. Segons la informaci\u00f3 que ha publicat en Meteocat, els x\u00e0fecs aniran &hellip; <a href=\"https:\/\/bisbalpenedes.com\/web\/2021\/11\/22\/avis-per-intensitat-de-pluja-i-ventades-per-al-dimarts-23-de-novembre\/\" class=\"more-link\">Read More<\/a><\/p>\n","protected":false},"author":4,"featured_media":20048,"comment_status":"closed","ping_status":"closed","sticky":false,"template":"","format":"standard","meta":[],"categories":[2543,8],"tags":[2579,3362],"_links":{"self":[{"href":"https:\/\/bisbalpenedes.com\/web\/wp-json\/wp\/v2\/posts\/20045"}],"collection":[{"href":"https:\/\/bisbalpenedes.com\/web\/wp-json\/wp\/v2\/posts"}],"about":[{"href":"https:\/\/bisbalpenedes.com\/web\/wp-json\/wp\/v2\/types\/post"}],"author":[{"embeddable":true,"href":"https:\/\/bisbalpenedes.com\/web\/wp-json\/wp\/v2\/users\/4"}],"replies":[{"embeddable":true,"href":"https:\/\/bisbalpenedes.com\/web\/wp-json\/wp\/v2\/comments?post=20045"}],"version-history":[{"count":1,"href":"https:\/\/bisbalpenedes.com\/web\/wp-json\/wp\/v2\/posts\/20045\/revisions"}],"predecessor-version":[{"id":20049,"href":"https:\/\/bisbalpenedes.com\/web\/wp-json\/wp\/v2\/posts\/20045\/revisions\/20049"}],"wp:featuredmedia":[{"embeddable":true,"href":"https:\/\/bisbalpenedes.com\/web\/wp-json\/wp\/v2\/media\/20048"}],"wp:attachment":[{"href":"https:\/\/bisbalpenedes.com\/web\/wp-json\/wp\/v2\/media?parent=20045"}],"wp:term":[{"taxonomy":"category","embeddable":true,"href":"https:\/\/bisbalpenedes.com\/web\/wp-json\/wp\/v2\/categories?post=20045"},{"taxonomy":"post_tag","embeddable":true,"href":"https:\/\/bisbalpenedes.com\/web\/wp-json\/wp\/v2\/tags?post=20045"}],"curies":[{"name":"wp","href":"https:\/\/api.w.org\/{rel}","templated":true}]}}