{"id":20042,"date":"2021-11-22T12:37:14","date_gmt":"2021-11-22T10:37:14","guid":{"rendered":"https:\/\/bisbalpenedes.com\/web\/?p=20042"},"modified":"2021-11-22T12:37:14","modified_gmt":"2021-11-22T10:37:14","slug":"gracies-per-les-vostres-donacions-per-al-rebost-solidari-en-el-marc-del-gran-recapte","status":"publish","type":"post","link":"https:\/\/bisbalpenedes.com\/web\/2021\/11\/22\/gracies-per-les-vostres-donacions-per-al-rebost-solidari-en-el-marc-del-gran-recapte\/","title":{"rendered":"Gr\u00e0cies per les vostres donacions per al Rebost Solidari en el marc del Gran Recapte"},"content":{"rendered":"\n<p>Des de la Regidoria de Benestar Social volem agrair la vostra col\u00b7laboraci\u00f3 en el Gran Recapte. Totes les vostres donacions aniran a parar a les fam\u00edlies usu\u00e0ries del Rebost Solidari.<\/p>\n\n\n\n<p>Tamb\u00e9 volem agrair la tasca desinteressada de recollida d&#8217;aliments i productes d&#8217;higiene personal que han fet els establiments bisbalencs que han col\u00b7laborat en la iniciativa: Cal Perebusquet, Fruiteria Agro-Verd, Forn Aresmar, Supermercat Jaume, Fruiteria Montserrat, Forn de les Escales i Caprabo de la Bisbal.&nbsp;<\/p>\n\n\n\n<hr class=\"wp-block-separator\"\/>\n\n\n\n<p>Desde la Concejal\u00eda de Bienestar Social queremos agradecer vuestra colaboraci\u00f3n en el Gran Recapte. Todas vuestras donaciones ir\u00e1n a parar a las familias usuarias del Rebost Solidari.<\/p>\n\n\n\n<p>Tambi\u00e9n queremos agradecer el trabajo desinteresado de recogida de alimentos y productos de higiene personal que han realizado los establecimientos bisbalenses que han colaborado en la iniciativa: Cal Perebusquet, Fruiteria Agro-Verd, Forn Aresmar, Supermercat Jaume, Fruiteria Montserrat, Forn de les Escales y Caprabo de la Bisbal.<\/p>\n\n\n\n<p><\/p>\n","protected":false},"excerpt":{"rendered":"<p>Des de la Regidoria de Benestar Social volem agrair la vostra col\u00b7laboraci\u00f3 en el Gran Recapte. Totes les vostres donacions aniran a parar a les fam\u00edlies usu\u00e0ries del Rebost Solidari. &hellip; <a href=\"https:\/\/bisbalpenedes.com\/web\/2021\/11\/22\/gracies-per-les-vostres-donacions-per-al-rebost-solidari-en-el-marc-del-gran-recapte\/\" class=\"more-link\">Read More<\/a><\/p>\n","protected":false},"author":4,"featured_media":20043,"comment_status":"closed","ping_status":"closed","sticky":false,"template":"","format":"standard","meta":[],"categories":[3851,8],"tags":[2642,393,2644],"_links":{"self":[{"href":"https:\/\/bisbalpenedes.com\/web\/wp-json\/wp\/v2\/posts\/20042"}],"collection":[{"href":"https:\/\/bisbalpenedes.com\/web\/wp-json\/wp\/v2\/posts"}],"about":[{"href":"https:\/\/bisbalpenedes.com\/web\/wp-json\/wp\/v2\/types\/post"}],"author":[{"embeddable":true,"href":"https:\/\/bisbalpenedes.com\/web\/wp-json\/wp\/v2\/users\/4"}],"replies":[{"embeddable":true,"href":"https:\/\/bisbalpenedes.com\/web\/wp-json\/wp\/v2\/comments?post=20042"}],"version-history":[{"count":1,"href":"https:\/\/bisbalpenedes.com\/web\/wp-json\/wp\/v2\/posts\/20042\/revisions"}],"predecessor-version":[{"id":20044,"href":"https:\/\/bisbalpenedes.com\/web\/wp-json\/wp\/v2\/posts\/20042\/revisions\/20044"}],"wp:featuredmedia":[{"embeddable":true,"href":"https:\/\/bisbalpenedes.com\/web\/wp-json\/wp\/v2\/media\/20043"}],"wp:attachment":[{"href":"https:\/\/bisbalpenedes.com\/web\/wp-json\/wp\/v2\/media?parent=20042"}],"wp:term":[{"taxonomy":"category","embeddable":true,"href":"https:\/\/bisbalpenedes.com\/web\/wp-json\/wp\/v2\/categories?post=20042"},{"taxonomy":"post_tag","embeddable":true,"href":"https:\/\/bisbalpenedes.com\/web\/wp-json\/wp\/v2\/tags?post=20042"}],"curies":[{"name":"wp","href":"https:\/\/api.w.org\/{rel}","templated":true}]}}