{"id":20037,"date":"2021-11-21T11:55:52","date_gmt":"2021-11-21T09:55:52","guid":{"rendered":"https:\/\/bisbalpenedes.com\/web\/?p=20037"},"modified":"2021-11-21T11:55:52","modified_gmt":"2021-11-21T09:55:52","slug":"avui-diumenge-es-el-dia-mundial-en-record-de-les-victimes-daccidents-de-transit","status":"publish","type":"post","link":"https:\/\/bisbalpenedes.com\/web\/2021\/11\/21\/avui-diumenge-es-el-dia-mundial-en-record-de-les-victimes-daccidents-de-transit\/","title":{"rendered":"Avui diumenge \u00e9s el Dia Mundial en record de les v\u00edctimes d&#8217;accidents de tr\u00e0nsit"},"content":{"rendered":"\n<p>Avui diumenge \u00e9s el Dia Mundial en record de les v\u00edctimes d&#8217;accidents de tr\u00e0nsit. L&#8217;Ajuntament de la Bisbal del Pened\u00e8s ha penjat avui la pancarta amb el s\u00edmbol contra la viol\u00e8ncia vi\u00e0ria, un lla\u00e7 que segons l&#8217;AP(A)T (Afectats per Accidents de Tr\u00e0nsit) &#8220;\u00e9s un s\u00edmbol contra la viol\u00e8ncia vi\u00e0ria que serveix per manifestar el nostre comprom\u00eds amb l&#8217;objectiu de reduir les persones mortes i ferides als nostres carrers i carreteres i de no tolerar l&#8217;incivisme i la delinq\u00fc\u00e8ncia vi\u00e0ria&#8221;.<\/p>\n\n\n\n<hr class=\"wp-block-separator\"\/>\n\n\n\n<p>Hoy domingo es el D\u00eda Mundial en recuerdo de las v\u00edctimas de accidentes de tr\u00e1fico. El Ayuntamiento de la Bisbal del Pened\u00e8s ha colgado hoy la pancarta con el s\u00edmbolo contra la violencia vial, un lazo que seg\u00fan la AP(A)T (Afectados por Accidentes de Tr\u00e1fico) &#8220;es un s\u00edmbolo contra la violencia vial que sirve para manifestar nuestro compromiso con el objetivo de reducir las personas muertas y heridas en nuestras calles y carreteras y de no tolerar el incivismo y la delincuencia vial&#8221;.<\/p>\n\n\n\n<figure class=\"wp-block-image size-large\"><img loading=\"lazy\" width=\"768\" height=\"1024\" src=\"https:\/\/bisbalpenedes.com\/web\/wp-content\/uploads\/2021\/11\/C54D6323-BB97-4E5C-950B-B0D0E16B2201-768x1024.jpeg\" alt=\"\" class=\"wp-image-20039\" srcset=\"https:\/\/bisbalpenedes.com\/web\/wp-content\/uploads\/2021\/11\/C54D6323-BB97-4E5C-950B-B0D0E16B2201-768x1024.jpeg 768w, https:\/\/bisbalpenedes.com\/web\/wp-content\/uploads\/2021\/11\/C54D6323-BB97-4E5C-950B-B0D0E16B2201-600x800.jpeg 600w, https:\/\/bisbalpenedes.com\/web\/wp-content\/uploads\/2021\/11\/C54D6323-BB97-4E5C-950B-B0D0E16B2201-225x300.jpeg 225w, https:\/\/bisbalpenedes.com\/web\/wp-content\/uploads\/2021\/11\/C54D6323-BB97-4E5C-950B-B0D0E16B2201-1152x1536.jpeg 1152w, https:\/\/bisbalpenedes.com\/web\/wp-content\/uploads\/2021\/11\/C54D6323-BB97-4E5C-950B-B0D0E16B2201.jpeg 1200w\" sizes=\"(max-width: 768px) 100vw, 768px\" \/><\/figure>\n\n\n\n<figure class=\"wp-block-image size-large\"><img loading=\"lazy\" width=\"1024\" height=\"768\" src=\"https:\/\/bisbalpenedes.com\/web\/wp-content\/uploads\/2021\/11\/5FA7A18A-7475-48C1-AA9F-75B44943602B-1024x768.jpeg\" alt=\"\" class=\"wp-image-20040\" srcset=\"https:\/\/bisbalpenedes.com\/web\/wp-content\/uploads\/2021\/11\/5FA7A18A-7475-48C1-AA9F-75B44943602B-1024x768.jpeg 1024w, https:\/\/bisbalpenedes.com\/web\/wp-content\/uploads\/2021\/11\/5FA7A18A-7475-48C1-AA9F-75B44943602B-600x450.jpeg 600w, https:\/\/bisbalpenedes.com\/web\/wp-content\/uploads\/2021\/11\/5FA7A18A-7475-48C1-AA9F-75B44943602B-300x225.jpeg 300w, https:\/\/bisbalpenedes.com\/web\/wp-content\/uploads\/2021\/11\/5FA7A18A-7475-48C1-AA9F-75B44943602B-768x576.jpeg 768w, https:\/\/bisbalpenedes.com\/web\/wp-content\/uploads\/2021\/11\/5FA7A18A-7475-48C1-AA9F-75B44943602B-1536x1152.jpeg 1536w, https:\/\/bisbalpenedes.com\/web\/wp-content\/uploads\/2021\/11\/5FA7A18A-7475-48C1-AA9F-75B44943602B.jpeg 1600w\" sizes=\"(max-width: 1024px) 100vw, 1024px\" \/><\/figure>\n","protected":false},"excerpt":{"rendered":"<p>Avui diumenge \u00e9s el Dia Mundial en record de les v\u00edctimes d&#8217;accidents de tr\u00e0nsit. L&#8217;Ajuntament de la Bisbal del Pened\u00e8s ha penjat avui la pancarta amb el s\u00edmbol contra la &hellip; <a href=\"https:\/\/bisbalpenedes.com\/web\/2021\/11\/21\/avui-diumenge-es-el-dia-mundial-en-record-de-les-victimes-daccidents-de-transit\/\" class=\"more-link\">Read More<\/a><\/p>\n","protected":false},"author":4,"featured_media":20038,"comment_status":"closed","ping_status":"closed","sticky":false,"template":"","format":"standard","meta":[],"categories":[2402,8],"tags":[4857,393,4912,4913,1381],"_links":{"self":[{"href":"https:\/\/bisbalpenedes.com\/web\/wp-json\/wp\/v2\/posts\/20037"}],"collection":[{"href":"https:\/\/bisbalpenedes.com\/web\/wp-json\/wp\/v2\/posts"}],"about":[{"href":"https:\/\/bisbalpenedes.com\/web\/wp-json\/wp\/v2\/types\/post"}],"author":[{"embeddable":true,"href":"https:\/\/bisbalpenedes.com\/web\/wp-json\/wp\/v2\/users\/4"}],"replies":[{"embeddable":true,"href":"https:\/\/bisbalpenedes.com\/web\/wp-json\/wp\/v2\/comments?post=20037"}],"version-history":[{"count":1,"href":"https:\/\/bisbalpenedes.com\/web\/wp-json\/wp\/v2\/posts\/20037\/revisions"}],"predecessor-version":[{"id":20041,"href":"https:\/\/bisbalpenedes.com\/web\/wp-json\/wp\/v2\/posts\/20037\/revisions\/20041"}],"wp:featuredmedia":[{"embeddable":true,"href":"https:\/\/bisbalpenedes.com\/web\/wp-json\/wp\/v2\/media\/20038"}],"wp:attachment":[{"href":"https:\/\/bisbalpenedes.com\/web\/wp-json\/wp\/v2\/media?parent=20037"}],"wp:term":[{"taxonomy":"category","embeddable":true,"href":"https:\/\/bisbalpenedes.com\/web\/wp-json\/wp\/v2\/categories?post=20037"},{"taxonomy":"post_tag","embeddable":true,"href":"https:\/\/bisbalpenedes.com\/web\/wp-json\/wp\/v2\/tags?post=20037"}],"curies":[{"name":"wp","href":"https:\/\/api.w.org\/{rel}","templated":true}]}}