{"id":20034,"date":"2021-11-20T23:03:24","date_gmt":"2021-11-20T21:03:24","guid":{"rendered":"https:\/\/bisbalpenedes.com\/web\/?p=20034"},"modified":"2021-11-20T23:03:24","modified_gmt":"2021-11-20T21:03:24","slug":"amb-motiu-del-dia-internacional-per-a-leliminacio-de-la-violencia-envers-les-dones-sesta-fent-una-pintura-mural-al-priorat-de-la-bisbal-i-el-dia-25-de-novembre-es-fara-una-caminada-i-es-llegira-un","status":"publish","type":"post","link":"https:\/\/bisbalpenedes.com\/web\/2021\/11\/20\/amb-motiu-del-dia-internacional-per-a-leliminacio-de-la-violencia-envers-les-dones-sesta-fent-una-pintura-mural-al-priorat-de-la-bisbal-i-el-dia-25-de-novembre-es-fara-una-caminada-i-es-llegira-un\/","title":{"rendered":"Amb motiu del Dia internacional per a l&#8217;eliminaci\u00f3 de la viol\u00e8ncia envers les dones s&#8217;est\u00e0 fent una pintura mural al Priorat de la Bisbal i el dia 25 de novembre es far\u00e0 una caminada i es llegir\u00e0 un manifest"},"content":{"rendered":"\n<p>El dia 25 de novembre \u00e9s el Dia internacional per a l&#8217;eliminaci\u00f3 de la viol\u00e8ncia envers les dones. Amb motiu d&#8217;aquesta jornada, s&#8217;est\u00e0 fent una pintura mural a la caseta del costat del local social del Priorat de la Bisbal. Aqualia s&#8217;ha fet c\u00e0rrec de les despeses materials -com ara les pintures- i l&#8217;artista Jordi Romeu (@antidote.study) s&#8217;est\u00e0 encarregant de fer l&#8217;obra, de forma volunt\u00e0ria.<\/p>\n\n\n\n<p>El proper dijous 25 de novembre, a les 11h del mat\u00ed, es far\u00e0 una caminad des del nucli fins al Priorat de la Bisbal, organitzada des de l&#8217;Ajuntament de la Bisbal del Pened\u00e8s, per visitar l&#8217;obra. All\u00e0 es far\u00e0 la lectura del manifest contra la viol\u00e8ncia envers les dones. L&#8217;organitzaci\u00f3 dels actes del 25N compta amb la col\u00b7laboraci\u00f3 d&#8217;Aqualia, l&#8217;Associaci\u00f3 de Dones La Roca Foradada, l&#8217;Associaci\u00f3 de la Gent Gran, l&#8217;Associaci\u00f3 de ve\u00efns del barri del Priorat de la Bisbal i l&#8217;Associaci\u00f3 de ve\u00efns i amics del Priorat.<\/p>\n\n\n\n<hr class=\"wp-block-separator\"\/>\n\n\n\n<p><strong>CASTELLANO<\/strong>&nbsp;| El d\u00eda 25 de noviembre es el D\u00eda internacional para la eliminaci\u00f3n de la violencia hacia las mujeres. Con motivo de esta jornada, se est\u00e1 haciendo una pintura mural en la caseta de al lado del local social del Priorat de la Bisbal. Aqualia se ha hecho cargo de los gastos materiales -como por ejemplo las pinturas- y el artista Jordi Romeu (@antidote.study) se est\u00e1 encargando de realizar la obra, de forma voluntaria.<\/p>\n\n\n\n<p>El pr\u00f3ximo jueves 25 de noviembre, a las 11h de la ma\u00f1ana, se har\u00e1 una caminada desde el n\u00facleo hasta el Priorat de la Bisbal, organizada desde el Ayuntamiento de la Bisbal del Pened\u00e8s, para visitar la obra. All\u00ed se leer\u00e1 el manifiesto contra la violencia hacia las mujeres. la organizaci\u00f3n de los actos del 25N cuenta con la colaboraci\u00f3n de Aqualia, la Associaci\u00f3 de Dones La Roca Foradada, l&#8217;Associaci\u00f3 de la Gent Gran, l&#8217;Associaci\u00f3 de ve\u00efns del barri del Priorat i l&#8217;Associaci\u00f3 de ve\u00efns i amics del Priorat.<\/p>\n","protected":false},"excerpt":{"rendered":"<p>El dia 25 de novembre \u00e9s el Dia internacional per a l&#8217;eliminaci\u00f3 de la viol\u00e8ncia envers les dones. Amb motiu d&#8217;aquesta jornada, s&#8217;est\u00e0 fent una pintura mural a la caseta &hellip; <a href=\"https:\/\/bisbalpenedes.com\/web\/2021\/11\/20\/amb-motiu-del-dia-internacional-per-a-leliminacio-de-la-violencia-envers-les-dones-sesta-fent-una-pintura-mural-al-priorat-de-la-bisbal-i-el-dia-25-de-novembre-es-fara-una-caminada-i-es-llegira-un\/\" class=\"more-link\">Read More<\/a><\/p>\n","protected":false},"author":4,"featured_media":20035,"comment_status":"closed","ping_status":"closed","sticky":false,"template":"","format":"standard","meta":[],"categories":[3851,8],"tags":[4224,459,315,4911,393,520],"_links":{"self":[{"href":"https:\/\/bisbalpenedes.com\/web\/wp-json\/wp\/v2\/posts\/20034"}],"collection":[{"href":"https:\/\/bisbalpenedes.com\/web\/wp-json\/wp\/v2\/posts"}],"about":[{"href":"https:\/\/bisbalpenedes.com\/web\/wp-json\/wp\/v2\/types\/post"}],"author":[{"embeddable":true,"href":"https:\/\/bisbalpenedes.com\/web\/wp-json\/wp\/v2\/users\/4"}],"replies":[{"embeddable":true,"href":"https:\/\/bisbalpenedes.com\/web\/wp-json\/wp\/v2\/comments?post=20034"}],"version-history":[{"count":1,"href":"https:\/\/bisbalpenedes.com\/web\/wp-json\/wp\/v2\/posts\/20034\/revisions"}],"predecessor-version":[{"id":20036,"href":"https:\/\/bisbalpenedes.com\/web\/wp-json\/wp\/v2\/posts\/20034\/revisions\/20036"}],"wp:featuredmedia":[{"embeddable":true,"href":"https:\/\/bisbalpenedes.com\/web\/wp-json\/wp\/v2\/media\/20035"}],"wp:attachment":[{"href":"https:\/\/bisbalpenedes.com\/web\/wp-json\/wp\/v2\/media?parent=20034"}],"wp:term":[{"taxonomy":"category","embeddable":true,"href":"https:\/\/bisbalpenedes.com\/web\/wp-json\/wp\/v2\/categories?post=20034"},{"taxonomy":"post_tag","embeddable":true,"href":"https:\/\/bisbalpenedes.com\/web\/wp-json\/wp\/v2\/tags?post=20034"}],"curies":[{"name":"wp","href":"https:\/\/api.w.org\/{rel}","templated":true}]}}