{"id":20031,"date":"2021-03-22T10:00:00","date_gmt":"2021-03-22T08:00:00","guid":{"rendered":"https:\/\/bisbalpenedes.com\/web\/?p=20031"},"modified":"2021-11-19T18:53:14","modified_gmt":"2021-11-19T16:53:14","slug":"del-22-al-29-de-novembre-de-2021-se-celebra-la-setmana-europea-de-les-proves-del-vih-i-les-hepatitis","status":"publish","type":"post","link":"https:\/\/bisbalpenedes.com\/web\/2021\/03\/22\/del-22-al-29-de-novembre-de-2021-se-celebra-la-setmana-europea-de-les-proves-del-vih-i-les-hepatitis\/","title":{"rendered":"Del 22 al 29 de novembre de 2021 se celebra la Setmana Europea de les proves del VIH i les Hepatitis"},"content":{"rendered":"\n<p>Del 22 al 29 de novembre de 2021 es du a terme l\u2019edici\u00f3 de tardor de la Setmana Europea de les proves del VIH i les Hepatitis, amb l\u2019objectiu de promoure la detecci\u00f3 preco\u00e7 d\u2019aquestes malalties i incentivar la realitzaci\u00f3 de les proves per detectar-les.<\/p>\n\n\n\n<p>Les proves es poden sol\u00b7licitar tot l\u2019any i de forma confidencial, volunt\u00e0ria i gratu\u00efta al metge o metgessa de cap\u00e7alera. Fer-se les proves permet con\u00e8ixer el m\u00e9s aviat possible la infecci\u00f3 -i accedir a un tractament efica\u00e7 que millori la qualitat de vida de la persona que doni un resultat positiu- aix\u00ed com adoptar el m\u00e9s aviat possible les mesures necess\u00e0ries per evitar la reinfecci\u00f3 i la transmissi\u00f3 a altres persones.<\/p>\n\n\n\n<p>Trobareu m\u00e9s informaci\u00f3 en aquest enlla\u00e7:\u00a0<a rel=\"noreferrer noopener\" href=\"https:\/\/canalsalut.gencat.cat\/ca\/detalls\/article\/Setmana-Europea-de-les-proves-del-VIH-Hepatitis-Viriques#bloc2\" target=\"_blank\">https:\/\/canalsalut.gencat.cat\/ca\/detalls\/article\/Setmana-Europea-de-les-proves-del-VIH-Hepatitis-Viriques#bloc2<\/a><\/p>\n\n\n\n<hr class=\"wp-block-separator\"\/>\n\n\n\n<p><strong>CASTELLANO<\/strong>&nbsp;| Del 22 al 29 de noviembre de 2021 se lleva a cabo la edici\u00f3n de oto\u00f1o de la Semana Europea de las Pruebas de VIH y las Hepatitis, con el objetivo de promover la detecci\u00f3n precoz de estas enfermedades e incentivar la realizaci\u00f3n de las pruebas para detectarlas.<\/p>\n\n\n\n<p>Las pruebas se pueden solicitar todo el a\u00f1o y de manera confidencial, voluntaria y gratuita en el m\u00e9dico o m\u00e9dica de cabecera. Hacerse las pruebas permite conocer cuanto antes mejor la infecci\u00f3n -y acceder a un tratamiento eficaz que mejore la calidad de vida de la persona que de un resultado positivo- as\u00ed como adoptar lo antes posible las medidas necesarias para evitar la reinfecci\u00f3n y la transmisi\u00f3n a otras personas.<\/p>\n\n\n\n<p>Encontrar\u00e9is m\u00e1s informaci\u00f3n en este enlace:&nbsp;<a href=\"https:\/\/canalsalut.gencat.cat\/ca\/detalls\/article\/Setmana-Europea-de-les-proves-del-VIH-Hepatitis-Viriques#bloc2\" target=\"_blank\" rel=\"noreferrer noopener\">https:\/\/canalsalut.gencat.cat\/ca\/detalls\/article\/Setmana-Europea-de-les-proves-del-VIH-Hepatitis-Viriques#bloc2<\/a><\/p>\n","protected":false},"excerpt":{"rendered":"<p>Del 22 al 29 de novembre de 2021 es du a terme l\u2019edici\u00f3 de tardor de la Setmana Europea de les proves del VIH i les Hepatitis, amb l\u2019objectiu de &hellip; <a href=\"https:\/\/bisbalpenedes.com\/web\/2021\/03\/22\/del-22-al-29-de-novembre-de-2021-se-celebra-la-setmana-europea-de-les-proves-del-vih-i-les-hepatitis\/\" class=\"more-link\">Read More<\/a><\/p>\n","protected":false},"author":4,"featured_media":20032,"comment_status":"closed","ping_status":"closed","sticky":false,"template":"","format":"standard","meta":[],"categories":[8,14],"tags":[4909,393,4910,28,4907,4908],"_links":{"self":[{"href":"https:\/\/bisbalpenedes.com\/web\/wp-json\/wp\/v2\/posts\/20031"}],"collection":[{"href":"https:\/\/bisbalpenedes.com\/web\/wp-json\/wp\/v2\/posts"}],"about":[{"href":"https:\/\/bisbalpenedes.com\/web\/wp-json\/wp\/v2\/types\/post"}],"author":[{"embeddable":true,"href":"https:\/\/bisbalpenedes.com\/web\/wp-json\/wp\/v2\/users\/4"}],"replies":[{"embeddable":true,"href":"https:\/\/bisbalpenedes.com\/web\/wp-json\/wp\/v2\/comments?post=20031"}],"version-history":[{"count":1,"href":"https:\/\/bisbalpenedes.com\/web\/wp-json\/wp\/v2\/posts\/20031\/revisions"}],"predecessor-version":[{"id":20033,"href":"https:\/\/bisbalpenedes.com\/web\/wp-json\/wp\/v2\/posts\/20031\/revisions\/20033"}],"wp:featuredmedia":[{"embeddable":true,"href":"https:\/\/bisbalpenedes.com\/web\/wp-json\/wp\/v2\/media\/20032"}],"wp:attachment":[{"href":"https:\/\/bisbalpenedes.com\/web\/wp-json\/wp\/v2\/media?parent=20031"}],"wp:term":[{"taxonomy":"category","embeddable":true,"href":"https:\/\/bisbalpenedes.com\/web\/wp-json\/wp\/v2\/categories?post=20031"},{"taxonomy":"post_tag","embeddable":true,"href":"https:\/\/bisbalpenedes.com\/web\/wp-json\/wp\/v2\/tags?post=20031"}],"curies":[{"name":"wp","href":"https:\/\/api.w.org\/{rel}","templated":true}]}}