{"id":20027,"date":"2021-11-19T18:33:48","date_gmt":"2021-11-19T16:33:48","guid":{"rendered":"https:\/\/bisbalpenedes.com\/web\/?p=20027"},"modified":"2021-11-22T18:20:17","modified_gmt":"2021-11-22T16:20:17","slug":"aqualia-tallara-laigua-dels-sectors-a-i-b-del-priorat-de-la-bisbal-el-dimarts-23-de-novembre-de-8-a-20h-per-netejar-el-diposit-del-carrer-zamora","status":"publish","type":"post","link":"https:\/\/bisbalpenedes.com\/web\/2021\/11\/19\/aqualia-tallara-laigua-dels-sectors-a-i-b-del-priorat-de-la-bisbal-el-dimarts-23-de-novembre-de-8-a-20h-per-netejar-el-diposit-del-carrer-zamora\/","title":{"rendered":"Aqualia tallar\u00e0 l&#8217;aigua dels sectors A i B del Priorat de la Bisbal el dimarts 23 de novembre -de 8 a 20h- per netejar el dip\u00f2sit del carrer Zamora"},"content":{"rendered":"\n<p>Aqualia ha informat que el proper dimarts 23 de novembre, de 8 a 20h,\u00a0\u00a0procedir\u00e0 a tallar temporalment el subministrament d&#8217;aigua als sectors A i B de la urbanitzaci\u00f3 el Priorat de la Bisbal, per tal de dur a terme la neteja del dip\u00f2sit del carrer Zamora. Disculpeu les mol\u00e8sties.<\/p>\n\n\n\n<p>Carrers afectats:&nbsp;<\/p>\n\n\n\n<ul><li>Sector A (afecta tot el sector): Almeria, C\u00e1diz, C\u00f3rdoba, Granada, Huelva, M\u00e1laga i Sevilla.<\/li><li>Sector B: Av. del Priorat n\u00fameros parells del 2 al 26 i senars de l&#8217;1 al 13; carrers Segovia, Logro\u00f1o, Burgos, Pamplona, Badajoz, C\u00e1ceres, Ciudad Real, Bilbao, San Sebasti\u00e1n, Cuenca, Guadalajara, Soria i Zamora.<\/li><\/ul>\n\n\n\n<hr class=\"wp-block-separator\"\/>\n\n\n\n<p>Aqualia ha informado de que el pr\u00f3ximo martes 23 de noviembre, de 8 a 20h,&nbsp;&nbsp;proceder\u00e1 a cortar el suministro de agua en los sectores A y B de la urbanizaci\u00f3n el Priorat de la Bisbal, con tal de llevar a cabo la limpieza del dep\u00f3sito de la calle Zamora. Disculpad las molestias.<\/p>\n\n\n\n<p>Calles afectadas:&nbsp;<\/p>\n\n\n\n<ul><li>Sector A (afecta a todo el sector): Almeria, C\u00e1diz, C\u00f3rdoba, Granada, Huelva, M\u00e1laga y Sevilla.<\/li><li>Sector B: Av. del Priorat n\u00fameros pares del 2 al 26 y senares del 1 al 13; calles Segovia, Logro\u00f1o, Burgos, Pamplona, Badajoz, C\u00e1ceres, Ciudad Real, Bilbao, San Sebasti\u00e1n, Cuenca, Guadalajara, Soria y Zamora.<\/li><\/ul>\n\n\n\n<p><\/p>\n","protected":false},"excerpt":{"rendered":"<p>Aqualia ha informat que el proper dimarts 23 de novembre, de 8 a 20h,\u00a0\u00a0procedir\u00e0 a tallar temporalment el subministrament d&#8217;aigua als sectors A i B de la urbanitzaci\u00f3 el Priorat &hellip; <a href=\"https:\/\/bisbalpenedes.com\/web\/2021\/11\/19\/aqualia-tallara-laigua-dels-sectors-a-i-b-del-priorat-de-la-bisbal-el-dimarts-23-de-novembre-de-8-a-20h-per-netejar-el-diposit-del-carrer-zamora\/\" class=\"more-link\">Read More<\/a><\/p>\n","protected":false},"author":4,"featured_media":20028,"comment_status":"closed","ping_status":"closed","sticky":false,"template":"","format":"standard","meta":[],"categories":[1628,8,3352],"tags":[161,649,254,361,520],"_links":{"self":[{"href":"https:\/\/bisbalpenedes.com\/web\/wp-json\/wp\/v2\/posts\/20027"}],"collection":[{"href":"https:\/\/bisbalpenedes.com\/web\/wp-json\/wp\/v2\/posts"}],"about":[{"href":"https:\/\/bisbalpenedes.com\/web\/wp-json\/wp\/v2\/types\/post"}],"author":[{"embeddable":true,"href":"https:\/\/bisbalpenedes.com\/web\/wp-json\/wp\/v2\/users\/4"}],"replies":[{"embeddable":true,"href":"https:\/\/bisbalpenedes.com\/web\/wp-json\/wp\/v2\/comments?post=20027"}],"version-history":[{"count":2,"href":"https:\/\/bisbalpenedes.com\/web\/wp-json\/wp\/v2\/posts\/20027\/revisions"}],"predecessor-version":[{"id":20050,"href":"https:\/\/bisbalpenedes.com\/web\/wp-json\/wp\/v2\/posts\/20027\/revisions\/20050"}],"wp:featuredmedia":[{"embeddable":true,"href":"https:\/\/bisbalpenedes.com\/web\/wp-json\/wp\/v2\/media\/20028"}],"wp:attachment":[{"href":"https:\/\/bisbalpenedes.com\/web\/wp-json\/wp\/v2\/media?parent=20027"}],"wp:term":[{"taxonomy":"category","embeddable":true,"href":"https:\/\/bisbalpenedes.com\/web\/wp-json\/wp\/v2\/categories?post=20027"},{"taxonomy":"post_tag","embeddable":true,"href":"https:\/\/bisbalpenedes.com\/web\/wp-json\/wp\/v2\/tags?post=20027"}],"curies":[{"name":"wp","href":"https:\/\/api.w.org\/{rel}","templated":true}]}}