{"id":20024,"date":"2021-11-19T15:30:57","date_gmt":"2021-11-19T13:30:57","guid":{"rendered":"https:\/\/bisbalpenedes.com\/web\/?p=20024"},"modified":"2021-11-19T15:30:57","modified_gmt":"2021-11-19T13:30:57","slug":"el-dilluns-22-de-novembre-es-faran-treballs-darranjament-del-paviment-a-la-cruilla-dacces-al-priorat-i-en-un-tram-dasfalt","status":"publish","type":"post","link":"https:\/\/bisbalpenedes.com\/web\/2021\/11\/19\/el-dilluns-22-de-novembre-es-faran-treballs-darranjament-del-paviment-a-la-cruilla-dacces-al-priorat-i-en-un-tram-dasfalt\/","title":{"rendered":"El dilluns 22 de novembre es faran treballs d\u2019arranjament del paviment a la cru\u00eflla d\u2019acc\u00e9s al Priorat i en un tram d\u2019asfalt"},"content":{"rendered":"\n<p>L\u2019Ajuntament de la Bisbal del Pened\u00e8s us informa que el proper dilluns 22 de novembre es procedir\u00e0 a arranjar un tram del paviment d\u2019acc\u00e9s al Priorat, amb desperfectes provocats per les arrels dels arbres, que aixequen l\u2019asfalt. Tamb\u00e9 s\u2019arreglar\u00e0 una part de formig\u00f3 de la cru\u00eflla. Per aquest motiu, es tallar\u00e0 el tr\u00e0nsit de la zona on estiguin treballant els operaris, sempre deixant disponible un carril perqu\u00e8 els vehicles puguin circular.<\/p>\n\n\n\n<p>Els treballs els far\u00e0 l\u2019empresa Vecosa i tindran un cost de 2.336,27\u20ac (IVA incl\u00f2s). S\u00f3n els seg\u00fcents:<\/p>\n\n\n\n<ul><li>Tram aixecat per les arrels: demolici\u00f3 de l\u2019asfalt i transport a un centre autoritzat; sanejament de les arrels; reperfilaci\u00f3 i compactaci\u00f3 del terreny; formigonat i anivellament del tram.<\/li><li>Cru\u00eflla del Priorat: arranjament del tram i formigonat, deixant-lo a nivell.<\/li><\/ul>\n\n\n\n<hr class=\"wp-block-separator\"\/>\n\n\n\n<p>El Ayuntamiento de la Bisbal del Pened\u00e8s os informa de que el pr\u00f3ximo lunes 22 de noviembre se proceder\u00e1 a arreglar un tramo de pavimento de acceso al Priora, con desperfectos provocados por las ra\u00edces de los \u00e1rboles, que levantan el asfalto. Por este motivo, se cortar\u00e1 el tr\u00e1fico de la zona en la que est\u00e9n trabajando los operarios, siempre dejando disponible un carril para que los veh\u00edculos puedan circular.<\/p>\n\n\n\n<p>Los trabajos los har\u00e1 la empresa Vecosa y tendr\u00e1n un coste de 2.336,27\u20ac (IVA incluido). Son los siguientes:<\/p>\n\n\n\n<ul><li>Tramo levantado por las ra\u00edces: demolici\u00f3n del asfalto y transporte a un centro autorizado; saneamiento de las ra\u00edces, reperfilaje y compactaci\u00f3n del terreno; hormigonado y nivelaje del tramo.<\/li><li>Cruce del Priorat: arreglo del tramo y hormigonado, dej\u00e1ndolo a nivel.<\/li><\/ul>\n\n\n\n<p><\/p>\n","protected":false},"excerpt":{"rendered":"<p>L\u2019Ajuntament de la Bisbal del Pened\u00e8s us informa que el proper dilluns 22 de novembre es procedir\u00e0 a arranjar un tram del paviment d\u2019acc\u00e9s al Priorat, amb desperfectes provocats per &hellip; <a href=\"https:\/\/bisbalpenedes.com\/web\/2021\/11\/19\/el-dilluns-22-de-novembre-es-faran-treballs-darranjament-del-paviment-a-la-cruilla-dacces-al-priorat-i-en-un-tram-dasfalt\/\" class=\"more-link\">Read More<\/a><\/p>\n","protected":false},"author":4,"featured_media":20025,"comment_status":"closed","ping_status":"closed","sticky":false,"template":"","format":"standard","meta":[],"categories":[3482,8],"tags":[895,532,4906,393,1845,520],"_links":{"self":[{"href":"https:\/\/bisbalpenedes.com\/web\/wp-json\/wp\/v2\/posts\/20024"}],"collection":[{"href":"https:\/\/bisbalpenedes.com\/web\/wp-json\/wp\/v2\/posts"}],"about":[{"href":"https:\/\/bisbalpenedes.com\/web\/wp-json\/wp\/v2\/types\/post"}],"author":[{"embeddable":true,"href":"https:\/\/bisbalpenedes.com\/web\/wp-json\/wp\/v2\/users\/4"}],"replies":[{"embeddable":true,"href":"https:\/\/bisbalpenedes.com\/web\/wp-json\/wp\/v2\/comments?post=20024"}],"version-history":[{"count":1,"href":"https:\/\/bisbalpenedes.com\/web\/wp-json\/wp\/v2\/posts\/20024\/revisions"}],"predecessor-version":[{"id":20026,"href":"https:\/\/bisbalpenedes.com\/web\/wp-json\/wp\/v2\/posts\/20024\/revisions\/20026"}],"wp:featuredmedia":[{"embeddable":true,"href":"https:\/\/bisbalpenedes.com\/web\/wp-json\/wp\/v2\/media\/20025"}],"wp:attachment":[{"href":"https:\/\/bisbalpenedes.com\/web\/wp-json\/wp\/v2\/media?parent=20024"}],"wp:term":[{"taxonomy":"category","embeddable":true,"href":"https:\/\/bisbalpenedes.com\/web\/wp-json\/wp\/v2\/categories?post=20024"},{"taxonomy":"post_tag","embeddable":true,"href":"https:\/\/bisbalpenedes.com\/web\/wp-json\/wp\/v2\/tags?post=20024"}],"curies":[{"name":"wp","href":"https:\/\/api.w.org\/{rel}","templated":true}]}}