{"id":20019,"date":"2021-11-19T15:09:54","date_gmt":"2021-11-19T13:09:54","guid":{"rendered":"https:\/\/bisbalpenedes.com\/web\/?p=20019"},"modified":"2021-11-19T15:09:54","modified_gmt":"2021-11-19T13:09:54","slug":"shan-prorrogat-les-mesures-contra-la-covid-19-vigents-des-del-22-doctubre","status":"publish","type":"post","link":"https:\/\/bisbalpenedes.com\/web\/2021\/11\/19\/shan-prorrogat-les-mesures-contra-la-covid-19-vigents-des-del-22-doctubre\/","title":{"rendered":"S&#8217;han prorrogat les mesures contra la COVID-19 vigents des del 22 d&#8217;octubre"},"content":{"rendered":"\n<p>S&#8217;han prorrogat les mesures contra la COVID-19 vigents des del 22 d&#8217;octubre. <\/p>\n\n\n\n<p>Per a m\u00e9s informaci\u00f3 podeu accedir a l&#8217;enlla\u00e7: <a rel=\"noreferrer noopener\" href=\"http:\/\/ow.ly\/3G1t50GQR1F\" target=\"_blank\">http:\/\/ow.ly\/3G1t50GQR1F<\/a><\/p>\n\n\n\n<hr class=\"wp-block-separator\"\/>\n\n\n\n<p>Se han prorrogado las medidas contra la COVID-19 vigentes desde el 22 de octubre.<\/p>\n\n\n\n<p>Para m\u00e1s informaci\u00f3n pod\u00e9is acceder al enlace: <a rel=\"noreferrer noopener\" href=\"http:\/\/ow.ly\/3G1t50GQR1F\" target=\"_blank\">http:\/\/ow.ly\/3G1t50GQR1F<\/a><\/p>\n\n\n\n<figure class=\"wp-block-image size-large\"><img loading=\"lazy\" width=\"726\" height=\"1024\" src=\"https:\/\/bisbalpenedes.com\/web\/wp-content\/uploads\/2021\/11\/infografia-mesures-fins-3-desembre-21_page-0001-726x1024.jpeg\" alt=\"\" class=\"wp-image-20020\" srcset=\"https:\/\/bisbalpenedes.com\/web\/wp-content\/uploads\/2021\/11\/infografia-mesures-fins-3-desembre-21_page-0001-726x1024.jpeg 726w, https:\/\/bisbalpenedes.com\/web\/wp-content\/uploads\/2021\/11\/infografia-mesures-fins-3-desembre-21_page-0001-600x846.jpeg 600w, https:\/\/bisbalpenedes.com\/web\/wp-content\/uploads\/2021\/11\/infografia-mesures-fins-3-desembre-21_page-0001-213x300.jpeg 213w, https:\/\/bisbalpenedes.com\/web\/wp-content\/uploads\/2021\/11\/infografia-mesures-fins-3-desembre-21_page-0001-768x1083.jpeg 768w, https:\/\/bisbalpenedes.com\/web\/wp-content\/uploads\/2021\/11\/infografia-mesures-fins-3-desembre-21_page-0001-1089x1536.jpeg 1089w, https:\/\/bisbalpenedes.com\/web\/wp-content\/uploads\/2021\/11\/infografia-mesures-fins-3-desembre-21_page-0001-1452x2048.jpeg 1452w, https:\/\/bisbalpenedes.com\/web\/wp-content\/uploads\/2021\/11\/infografia-mesures-fins-3-desembre-21_page-0001.jpeg 1754w\" sizes=\"(max-width: 726px) 100vw, 726px\" \/><\/figure>\n","protected":false},"excerpt":{"rendered":"<p>S&#8217;han prorrogat les mesures contra la COVID-19 vigents des del 22 d&#8217;octubre. Per a m\u00e9s informaci\u00f3 podeu accedir a l&#8217;enlla\u00e7: http:\/\/ow.ly\/3G1t50GQR1F Se han prorrogado las medidas contra la COVID-19 vigentes &hellip; <a href=\"https:\/\/bisbalpenedes.com\/web\/2021\/11\/19\/shan-prorrogat-les-mesures-contra-la-covid-19-vigents-des-del-22-doctubre\/\" class=\"more-link\">Read More<\/a><\/p>\n","protected":false},"author":4,"featured_media":20021,"comment_status":"closed","ping_status":"closed","sticky":false,"template":"","format":"standard","meta":[],"categories":[2956,4095,8,14],"tags":[459,3550,3559,393,82,4905,4096,145],"_links":{"self":[{"href":"https:\/\/bisbalpenedes.com\/web\/wp-json\/wp\/v2\/posts\/20019"}],"collection":[{"href":"https:\/\/bisbalpenedes.com\/web\/wp-json\/wp\/v2\/posts"}],"about":[{"href":"https:\/\/bisbalpenedes.com\/web\/wp-json\/wp\/v2\/types\/post"}],"author":[{"embeddable":true,"href":"https:\/\/bisbalpenedes.com\/web\/wp-json\/wp\/v2\/users\/4"}],"replies":[{"embeddable":true,"href":"https:\/\/bisbalpenedes.com\/web\/wp-json\/wp\/v2\/comments?post=20019"}],"version-history":[{"count":1,"href":"https:\/\/bisbalpenedes.com\/web\/wp-json\/wp\/v2\/posts\/20019\/revisions"}],"predecessor-version":[{"id":20022,"href":"https:\/\/bisbalpenedes.com\/web\/wp-json\/wp\/v2\/posts\/20019\/revisions\/20022"}],"wp:featuredmedia":[{"embeddable":true,"href":"https:\/\/bisbalpenedes.com\/web\/wp-json\/wp\/v2\/media\/20021"}],"wp:attachment":[{"href":"https:\/\/bisbalpenedes.com\/web\/wp-json\/wp\/v2\/media?parent=20019"}],"wp:term":[{"taxonomy":"category","embeddable":true,"href":"https:\/\/bisbalpenedes.com\/web\/wp-json\/wp\/v2\/categories?post=20019"},{"taxonomy":"post_tag","embeddable":true,"href":"https:\/\/bisbalpenedes.com\/web\/wp-json\/wp\/v2\/tags?post=20019"}],"curies":[{"name":"wp","href":"https:\/\/api.w.org\/{rel}","templated":true}]}}