{"id":20015,"date":"2021-11-19T15:00:40","date_gmt":"2021-11-19T13:00:40","guid":{"rendered":"https:\/\/bisbalpenedes.com\/web\/?p=20015"},"modified":"2021-11-19T15:00:40","modified_gmt":"2021-11-19T13:00:40","slug":"sha-convocat-una-junta-de-govern-local-per-al-dilluns-22-de-novembre-amb-dos-punts-amb-competencia-delegada-del-ple","status":"publish","type":"post","link":"https:\/\/bisbalpenedes.com\/web\/2021\/11\/19\/sha-convocat-una-junta-de-govern-local-per-al-dilluns-22-de-novembre-amb-dos-punts-amb-competencia-delegada-del-ple\/","title":{"rendered":"S&#8217;ha convocat una Junta de Govern local per al dilluns 22 de novembre amb dos punts amb compet\u00e8ncia delegada del Ple"},"content":{"rendered":"\n<p>S\u2019ha convocat una Junta de Govern local per al dilluns 22 de novembre i, entre les propostes que s\u2019eleven a la Junta, n\u2019hi ha dues que s\u00f3n amb compet\u00e8ncia del Ple delegada a la Junta de Govern:<\/p>\n\n\n\n<ul><li>Retirada del cinqu\u00e8 classificat i petici\u00f3 de documentaci\u00f3 al sis\u00e8 classificat del procediment de contractaci\u00f3 de les obres de la primera fase del poliesportiu municipal.<\/li><li>Iniciar procediment de penalitzaci\u00f3, si s\u2019escau, a la quarta empresa classificada en l\u2019adjudicaci\u00f3 de les obres de la primera fase del poliesportiu municipal.<\/li><\/ul>\n\n\n\n<p>Les sessions de la Junta de Govern Local no s\u00f3n p\u00fabliques, per\u00f2 quan actua amb compet\u00e8ncies delegades del Ple, la sessi\u00f3 se sotmet als mateixos requisits de publicitat que les sessions del Ple, que s\u00f3n p\u00fabliques. Aix\u00ed ho va declarar la STS 161\/2013, de 26 de setembre. Per aquest motiu, el dilluns 22 de novembre, a les 19:15h, s\u2019obriran les portes de la sala de Plens perqu\u00e8, qui ho desitgi, pugui assistir com a p\u00fablic a l\u2019explicaci\u00f3 i votaci\u00f3 d\u2019aquests punts de la Junta de Govern.<\/p>\n\n\n\n<p>Per tot plegat, s\u2019ha fet arribar la informaci\u00f3 d\u2019aquestes propostes als regidors i regidores de l\u2019oposici\u00f3, convidant-los assistir com a p\u00fablic. Tot i que aquests punts s\u2019obren a l\u2019assist\u00e8ncia de p\u00fablic, tamb\u00e9 es gravaran i es publicar\u00e0 el v\u00eddeo durant els propers dies per garantir la seva publicitat.<\/p>\n\n\n\n<hr class=\"wp-block-separator\"\/>\n\n\n\n<p><strong>CASTELLANO |<\/strong>\u00a0Se ha convocado una Junta de Gobierno local para el lunes 22 de noviembre y, entre las propuestas que se elevan a la Junta, hay dos que son con competencia del Pleno delegada a la Junta de Gobierno:<\/p>\n\n\n\n<ul><li>Retirada del quinto clasificado y petici\u00f3n de documentaci\u00f3n al sexto clasificado del procedimiento de contrataci\u00f3n de las obras de la primera fase del polideportivo municipal.<\/li><li>Iniciar procedimiento de penalizaci\u00f3n, si corresponde, a la cuarta empresa clasificada en la adjudicaci\u00f3n de las obras de la primera fase del polideportivo municipal.<\/li><\/ul>\n\n\n\n<p>Las sesiones de la Junta de Gobierno Local no son p\u00fablicas, pero cuando act\u00faa con competencias delegadas del Pleno, la sesi\u00f3n se somete a los mismos requisitos de publicidad que las sesiones del Pleno, que son p\u00fablicas. As\u00ed lo declar\u00f3 la STS 161\/2013, de 26 de septiembre. Por este motivo, el lunes 22 de noviembre, a las 19:15h, se abrir\u00e1n las puertas de la Sala de Plenos para que, quien lo desee, pueda asistir como p\u00fablico a la explicaci\u00f3n y votaci\u00f3n de estos puntos de la Junta de Gobierno.<\/p>\n\n\n\n<p>Por todo ello, se les ha hecho llegar a los concejales y concejalas de la oposici\u00f3n la informaci\u00f3n sobre estas propuestas, invit\u00e1ndoles a asistir como p\u00fablico. Aunque estos puntos se abren a la asistencia de p\u00fablico, tambi\u00e9n se grabar\u00e1n y se publicar\u00e1 el v\u00eddeo durante los pr\u00f3ximos d\u00edas para garantizar su publicidad.<\/p>\n","protected":false},"excerpt":{"rendered":"<p>S\u2019ha convocat una Junta de Govern local per al dilluns 22 de novembre i, entre les propostes que s\u2019eleven a la Junta, n\u2019hi ha dues que s\u00f3n amb compet\u00e8ncia del &hellip; <a href=\"https:\/\/bisbalpenedes.com\/web\/2021\/11\/19\/sha-convocat-una-junta-de-govern-local-per-al-dilluns-22-de-novembre-amb-dos-punts-amb-competencia-delegada-del-ple\/\" class=\"more-link\">Read More<\/a><\/p>\n","protected":false},"author":4,"featured_media":20016,"comment_status":"closed","ping_status":"closed","sticky":false,"template":"","format":"standard","meta":[],"categories":[3085,8,2250],"tags":[459,3985,4175,686,393,139,3779],"_links":{"self":[{"href":"https:\/\/bisbalpenedes.com\/web\/wp-json\/wp\/v2\/posts\/20015"}],"collection":[{"href":"https:\/\/bisbalpenedes.com\/web\/wp-json\/wp\/v2\/posts"}],"about":[{"href":"https:\/\/bisbalpenedes.com\/web\/wp-json\/wp\/v2\/types\/post"}],"author":[{"embeddable":true,"href":"https:\/\/bisbalpenedes.com\/web\/wp-json\/wp\/v2\/users\/4"}],"replies":[{"embeddable":true,"href":"https:\/\/bisbalpenedes.com\/web\/wp-json\/wp\/v2\/comments?post=20015"}],"version-history":[{"count":1,"href":"https:\/\/bisbalpenedes.com\/web\/wp-json\/wp\/v2\/posts\/20015\/revisions"}],"predecessor-version":[{"id":20017,"href":"https:\/\/bisbalpenedes.com\/web\/wp-json\/wp\/v2\/posts\/20015\/revisions\/20017"}],"wp:featuredmedia":[{"embeddable":true,"href":"https:\/\/bisbalpenedes.com\/web\/wp-json\/wp\/v2\/media\/20016"}],"wp:attachment":[{"href":"https:\/\/bisbalpenedes.com\/web\/wp-json\/wp\/v2\/media?parent=20015"}],"wp:term":[{"taxonomy":"category","embeddable":true,"href":"https:\/\/bisbalpenedes.com\/web\/wp-json\/wp\/v2\/categories?post=20015"},{"taxonomy":"post_tag","embeddable":true,"href":"https:\/\/bisbalpenedes.com\/web\/wp-json\/wp\/v2\/tags?post=20015"}],"curies":[{"name":"wp","href":"https:\/\/api.w.org\/{rel}","templated":true}]}}