{"id":20006,"date":"2021-11-19T14:36:32","date_gmt":"2021-11-19T12:36:32","guid":{"rendered":"https:\/\/bisbalpenedes.com\/web\/?p=20006"},"modified":"2021-11-19T14:36:45","modified_gmt":"2021-11-19T12:36:45","slug":"la-regidoria-de-comerc-i-la-cambra-de-comerc-de-tarragona-estan-treballant-en-una-nova-campanay-de-dinamitzacio-del-comerc-local-de-cara-als-dies-previs-de-les-festes-nadalenques","status":"publish","type":"post","link":"https:\/\/bisbalpenedes.com\/web\/2021\/11\/19\/la-regidoria-de-comerc-i-la-cambra-de-comerc-de-tarragona-estan-treballant-en-una-nova-campanay-de-dinamitzacio-del-comerc-local-de-cara-als-dies-previs-de-les-festes-nadalenques\/","title":{"rendered":"La Regidoria de Comer\u00e7 i la Cambra de Comer\u00e7 de Tarragona estan treballant en una nova campanya de dinamitzaci\u00f3 del comer\u00e7 local de cara als dies previs de les festes nadalenques"},"content":{"rendered":"\n<p>La Regidoria de Comer\u00e7 i la Cambra de Comer\u00e7 de Tarragona estan treballant en una nova campanya per dinamitzar el comer\u00e7 local els dies previs a les festes nadalenques, concretament del 10 al 19 de desembre. Per aquest motiu, aquest dijous 18 de novembre han convocat els comer\u00e7os i empreses de serveis bisbalenques a una reuni\u00f3, que ha tingut lloc al CMC, per explicar-los la campanya i la formaci\u00f3 gratu\u00efta centrada en les xarxes socials-per als comer\u00e7os i empreses participants- que es far\u00e0 abans d&#8217;iniciar la campanya promocional.&nbsp;<\/p>\n\n\n\n<p>Pr\u00f2ximament publicarem m\u00e9s informaci\u00f3 sobre la campanya i les promocions previstes.<\/p>\n\n\n\n<figure class=\"wp-block-image size-large\"><img loading=\"lazy\" width=\"960\" height=\"640\" src=\"https:\/\/bisbalpenedes.com\/web\/wp-content\/uploads\/2021\/11\/CAMBRA-2.jpg\" alt=\"\" class=\"wp-image-20010\" srcset=\"https:\/\/bisbalpenedes.com\/web\/wp-content\/uploads\/2021\/11\/CAMBRA-2.jpg 960w, https:\/\/bisbalpenedes.com\/web\/wp-content\/uploads\/2021\/11\/CAMBRA-2-600x400.jpg 600w, https:\/\/bisbalpenedes.com\/web\/wp-content\/uploads\/2021\/11\/CAMBRA-2-300x200.jpg 300w, https:\/\/bisbalpenedes.com\/web\/wp-content\/uploads\/2021\/11\/CAMBRA-2-768x512.jpg 768w\" sizes=\"(max-width: 960px) 100vw, 960px\" \/><\/figure>\n\n\n\n<hr class=\"wp-block-separator\"\/>\n\n\n\n<p>La Concejal\u00eda de Comercio y la C\u00e1mara de Comercio de Tarragona est\u00e1n trabajando en una nueva campa\u00f1a para dinamizar el comercio local los d\u00edas previos a las fiestas navide\u00f1as, concretamente del 10 al 19 de diciembre. Por este motivo, este jueves 18 de noviembre han convocado a los comercios y empresas de servicios de La Bisbal a una reuni\u00f3n, que ha tenido lugar en el CMC, para explicarles la campa\u00f1a y la formaci\u00f3n gratuita -para los comercios y empresas participantes-que se har\u00e1 antes de iniciar la campa\u00f1a promocional. Pr\u00f3ximamente publicaremos m\u00e1s informaci\u00f3n sobre la campa\u00f1a y las promociones previstas.<\/p>\n\n\n\n<figure class=\"wp-block-image size-large\"><img loading=\"lazy\" width=\"960\" height=\"640\" src=\"https:\/\/bisbalpenedes.com\/web\/wp-content\/uploads\/2021\/11\/CAMBRA-3.jpg\" alt=\"\" class=\"wp-image-20011\" srcset=\"https:\/\/bisbalpenedes.com\/web\/wp-content\/uploads\/2021\/11\/CAMBRA-3.jpg 960w, https:\/\/bisbalpenedes.com\/web\/wp-content\/uploads\/2021\/11\/CAMBRA-3-600x400.jpg 600w, https:\/\/bisbalpenedes.com\/web\/wp-content\/uploads\/2021\/11\/CAMBRA-3-300x200.jpg 300w, https:\/\/bisbalpenedes.com\/web\/wp-content\/uploads\/2021\/11\/CAMBRA-3-768x512.jpg 768w\" sizes=\"(max-width: 960px) 100vw, 960px\" \/><\/figure>\n","protected":false},"excerpt":{"rendered":"<p>La Regidoria de Comer\u00e7 i la Cambra de Comer\u00e7 de Tarragona estan treballant en una nova campanya per dinamitzar el comer\u00e7 local els dies previs a les festes nadalenques, concretament &hellip; <a href=\"https:\/\/bisbalpenedes.com\/web\/2021\/11\/19\/la-regidoria-de-comerc-i-la-cambra-de-comerc-de-tarragona-estan-treballant-en-una-nova-campanay-de-dinamitzacio-del-comerc-local-de-cara-als-dies-previs-de-les-festes-nadalenques\/\" class=\"more-link\">Read More<\/a><\/p>\n","protected":false},"author":4,"featured_media":20009,"comment_status":"closed","ping_status":"closed","sticky":false,"template":"","format":"standard","meta":[],"categories":[3860,8],"tags":[1151,1251,4081,438,4246,329,4248,4204,4904,2512,393,95,4902,4903,4245],"_links":{"self":[{"href":"https:\/\/bisbalpenedes.com\/web\/wp-json\/wp\/v2\/posts\/20006"}],"collection":[{"href":"https:\/\/bisbalpenedes.com\/web\/wp-json\/wp\/v2\/posts"}],"about":[{"href":"https:\/\/bisbalpenedes.com\/web\/wp-json\/wp\/v2\/types\/post"}],"author":[{"embeddable":true,"href":"https:\/\/bisbalpenedes.com\/web\/wp-json\/wp\/v2\/users\/4"}],"replies":[{"embeddable":true,"href":"https:\/\/bisbalpenedes.com\/web\/wp-json\/wp\/v2\/comments?post=20006"}],"version-history":[{"count":3,"href":"https:\/\/bisbalpenedes.com\/web\/wp-json\/wp\/v2\/posts\/20006\/revisions"}],"predecessor-version":[{"id":20014,"href":"https:\/\/bisbalpenedes.com\/web\/wp-json\/wp\/v2\/posts\/20006\/revisions\/20014"}],"wp:featuredmedia":[{"embeddable":true,"href":"https:\/\/bisbalpenedes.com\/web\/wp-json\/wp\/v2\/media\/20009"}],"wp:attachment":[{"href":"https:\/\/bisbalpenedes.com\/web\/wp-json\/wp\/v2\/media?parent=20006"}],"wp:term":[{"taxonomy":"category","embeddable":true,"href":"https:\/\/bisbalpenedes.com\/web\/wp-json\/wp\/v2\/categories?post=20006"},{"taxonomy":"post_tag","embeddable":true,"href":"https:\/\/bisbalpenedes.com\/web\/wp-json\/wp\/v2\/tags?post=20006"}],"curies":[{"name":"wp","href":"https:\/\/api.w.org\/{rel}","templated":true}]}}