{"id":20002,"date":"2021-11-19T14:30:22","date_gmt":"2021-11-19T12:30:22","guid":{"rendered":"https:\/\/bisbalpenedes.com\/web\/?p=20002"},"modified":"2021-11-19T14:32:35","modified_gmt":"2021-11-19T12:32:35","slug":"lajuntament-ha-netejat-un-abocament-a-la-masieta-aquesta-setmana-i-en-poques-hores-algu-ha-tornat-a-abocar-deixalles-al-mateix-punt","status":"publish","type":"post","link":"https:\/\/bisbalpenedes.com\/web\/2021\/11\/19\/lajuntament-ha-netejat-un-abocament-a-la-masieta-aquesta-setmana-i-en-poques-hores-algu-ha-tornat-a-abocar-deixalles-al-mateix-punt\/","title":{"rendered":"Aquesta setmana l&#8217;Ajuntament ha retirat un abocament de deixalles a La Masieta i alg\u00fa ha tornat a abocar deixalles al mateix punt que s&#8217;havia netejat"},"content":{"rendered":"\n<p>Han passat tan sols unes hores i alg\u00fa ha tornat a abocar deixalles a La Masieta, al mateix punt en qu\u00e8 hem retirat una gran quantitat de residus aquesta setmana.<br>Us recordem que al municipi tenim el Punt Verd i \u00e9s all\u00e0 on s\u2019han de portar les deixalles i els residus voluminosos. No s\u2019han de deixar mai al costat dels contenidors.<br>Si us plau, si veieu una conducta inc\u00edvica, comuniqueu-nos-la trucant al Servei d\u2019Informaci\u00f3 i Inspecci\u00f3 Municipal <strong>678 59 59 59<\/strong>. Moltes gr\u00e0cies!<\/p>\n\n\n\n<hr class=\"wp-block-separator\"\/>\n\n\n\n<p>Han pasado solamente unas horas y alguien ha vuelto a verter basura en La Masieta, en el mismo punto en el que hemos retirado una gran cantidad de basura esta semana.<br>Os recordamos que en el municipio tenemos el Punt Verd y es all\u00ed donde hay que llevar la basura y los residuos voluminosos. No se tienen que dejar nunca al lado de los contenedores.<br>Por favor, si veis una conducta inc\u00edvica, comunic\u00e1dnosla llamando al Servicio de Informaci\u00f3n e Inspecci\u00f3n Municipal <strong>678 59 59 59<\/strong>. \u00a1Muchas gracias!<\/p>\n","protected":false},"excerpt":{"rendered":"<p>Han passat tan sols unes hores i alg\u00fa ha tornat a abocar deixalles a La Masieta, al mateix punt en qu\u00e8 hem retirat una gran quantitat de residus aquesta setmana.Us &hellip; <a href=\"https:\/\/bisbalpenedes.com\/web\/2021\/11\/19\/lajuntament-ha-netejat-un-abocament-a-la-masieta-aquesta-setmana-i-en-poques-hores-algu-ha-tornat-a-abocar-deixalles-al-mateix-punt\/\" class=\"more-link\">Read More<\/a><\/p>\n","protected":false},"author":4,"featured_media":20003,"comment_status":"closed","ping_status":"closed","sticky":false,"template":"","format":"standard","meta":[],"categories":[3215,8],"tags":[1131,626,393,1182],"_links":{"self":[{"href":"https:\/\/bisbalpenedes.com\/web\/wp-json\/wp\/v2\/posts\/20002"}],"collection":[{"href":"https:\/\/bisbalpenedes.com\/web\/wp-json\/wp\/v2\/posts"}],"about":[{"href":"https:\/\/bisbalpenedes.com\/web\/wp-json\/wp\/v2\/types\/post"}],"author":[{"embeddable":true,"href":"https:\/\/bisbalpenedes.com\/web\/wp-json\/wp\/v2\/users\/4"}],"replies":[{"embeddable":true,"href":"https:\/\/bisbalpenedes.com\/web\/wp-json\/wp\/v2\/comments?post=20002"}],"version-history":[{"count":2,"href":"https:\/\/bisbalpenedes.com\/web\/wp-json\/wp\/v2\/posts\/20002\/revisions"}],"predecessor-version":[{"id":20007,"href":"https:\/\/bisbalpenedes.com\/web\/wp-json\/wp\/v2\/posts\/20002\/revisions\/20007"}],"wp:featuredmedia":[{"embeddable":true,"href":"https:\/\/bisbalpenedes.com\/web\/wp-json\/wp\/v2\/media\/20003"}],"wp:attachment":[{"href":"https:\/\/bisbalpenedes.com\/web\/wp-json\/wp\/v2\/media?parent=20002"}],"wp:term":[{"taxonomy":"category","embeddable":true,"href":"https:\/\/bisbalpenedes.com\/web\/wp-json\/wp\/v2\/categories?post=20002"},{"taxonomy":"post_tag","embeddable":true,"href":"https:\/\/bisbalpenedes.com\/web\/wp-json\/wp\/v2\/tags?post=20002"}],"curies":[{"name":"wp","href":"https:\/\/api.w.org\/{rel}","templated":true}]}}