{"id":19996,"date":"2021-11-18T19:16:31","date_gmt":"2021-11-18T17:16:31","guid":{"rendered":"https:\/\/bisbalpenedes.com\/web\/?p=19996"},"modified":"2021-11-18T19:16:31","modified_gmt":"2021-11-18T17:16:31","slug":"lalcaldessa-de-la-bisbal-participa-en-la-reunio-dels-alcaldes-del-baix-penedes-amb-els-portaveus-dels-partits-amb-representacio-al-parlament-de-catalunya-i-amb-el-conseller-deconomia","status":"publish","type":"post","link":"https:\/\/bisbalpenedes.com\/web\/2021\/11\/18\/lalcaldessa-de-la-bisbal-participa-en-la-reunio-dels-alcaldes-del-baix-penedes-amb-els-portaveus-dels-partits-amb-representacio-al-parlament-de-catalunya-i-amb-el-conseller-deconomia\/","title":{"rendered":"L\u2019alcaldessa de la Bisbal participa en la reuni\u00f3 dels alcaldes del Baix Pened\u00e8s amb els portaveus dels partits amb representaci\u00f3 al Parlament de Catalunya i amb el Conseller d\u2019Economia i Hisenda"},"content":{"rendered":"\n<p>Avui dijous 18 de novembre, diversos alcaldes de la comarca -entre ells l\u2019alcaldessa de la Bisbal del Pened\u00e8s, Agn\u00e8s Ferr\u00e9- s\u2019han reunit amb els portaveus dels partits amb representaci\u00f3 al Parlament de Catalunya i, posteriorment, amb el Conseller d\u2019Economia i Hisenda, Jaume Gir\u00f3, amb els objectius de mostrar el seu rebuig cap a l\u2019esborrany de pressupostos de la Generalitat de Catalunya per al 2022, fer pressi\u00f3 als grups parlamentaris perqu\u00e8 es modifiquin els pressupostos i exigir diverses inversions a la comarca. Durant la reuni\u00f3 d\u2019urg\u00e8ncia amb el Conseller d\u2019Economia i Hisenda, Jaume Gir\u00f3, s\u2019ha aconseguit el comprom\u00eds del Conseller per tal d\u2019incloure la redacci\u00f3 del projecte d\u2019ampliaci\u00f3 de l\u2019Hospital comarcal als pressupostos 2022. Cal recordar que les instal\u00b7lacions de l\u2019hospital es van inaugurar fa m\u00e9s de 15 anys i, durant aquest per\u00edode, la comarca del Baix Pened\u00e8s ha doblat el seu volum de poblaci\u00f3.<\/p>\n\n\n\n<p>El president del Consell Comarcal del Baix Pened\u00e8s, Joan Sans, ha donat inici a la reuni\u00f3 exigint l\u2019ampliaci\u00f3 de l\u2019hospital, la dotaci\u00f3 de recursos, la reindustrialitzaci\u00f3 i l\u2019ampliaci\u00f3 de l\u2019oferta formativa com a eixos fonamentals per sortir de la situaci\u00f3 actual. &#8220;Augmentar el pressupost sanitari \u00e9s fonamental, ampliar els horaris del CAP de l&#8217;Arbo\u00e7 nom\u00e9s \u00e9s q\u00fcesti\u00f3 de posar m\u00e9s recursos humans i ajudar\u00e0 a descongestionar les urg\u00e8ncies de l&#8217;Hospital del Vendrell\u201d, ha argumentat.<\/p>\n\n\n\n<p>Per la seva banda, l\u2019alcalde del Vendrell -la capital de la comarca- Kenneth Mart\u00ednez, ha manifestat que \u201cvenim a&nbsp; evidenciar la singularitat del Baix Pened\u00e8s amb un creixement demogr\u00e0fic constant. Demanem un factor de correcci\u00f3 demogr\u00e0fic singular per la nostra comarca. Vivim en una realitat metropolitana,&nbsp; per\u00f2 sense disposar dels recursos pertinents\u201d i ha demanat un comprom\u00eds de tots els grups de posar el Baix Pened\u00e8s a l&#8217;agenda del Pa\u00eds. \u201cLa taula pel Baix Pened\u00e8s \u00e9s \u00fatil per\u00f2 insuficient. Cal actuar i els pressupostos ens donen una oportunitat.\u201d<\/p>\n\n\n\n<p>Els alcaldes han fet una declaraci\u00f3 breu, per\u00f2 contundent:<\/p>\n\n\n\n<p>1.-Rebutgem per insuficient i insolidari per al Baix Pened\u00e8s l\u2019esborrany de pressupostos<\/p>\n\n\n\n<p>2.-Exigim les seg\u00fcents inversions que s\u00f3n compet\u00e8ncia de la Generalitat:<\/p>\n\n\n\n<ul><li>a)Ampliaci\u00f3 de l\u2019Hospital Comarcal. Redacci\u00f3 del projecte executiu de l\u2019ampliaci\u00f3 de l\u2019hospital comarcal.<\/li><li>b)Bonificaci\u00f3 peatges C32<\/li><li>c)Inversi\u00f3 a Idiada i als pol\u00edgons industrials de la comarca<\/li><li>d)Pla de xoc del SOC contra l\u2019atur de la comarca<\/li><li>e)Dotaci\u00f3 de recursos humans i materials dels serveis p\u00fablics (policia, bombers, sanitaris, docents, etc) proporcional a la nostra poblaci\u00f3, poblaci\u00f3 estacional i creixement migratori. Factor corrector al Baix Pened\u00e8s pel volum i creixent poblaci\u00f3.<\/li><li>f)M\u00e9s oferta formativa de Formaci\u00f3 Professional.<\/li><\/ul>\n\n\n\n<p>L\u2019alcaldessa de la Bisbal del Pened\u00e8s, Agn\u00e8s Ferr\u00e9, ha apuntat que \u201cno hem vingut al Parlament per exigir grans inversions ni infraestructures a la comarca, hem vingut per exigir el que ens pertoca: que a la comarca tinguem els serveis p\u00fablics suficients per donar servei a tota la poblaci\u00f3: ampliar l\u2019hospital comarcal, tenir m\u00e9s oferta educativa amb m\u00f2duls i m\u00e9s dotacions de bombers i Mossos d\u2019Esquadra, entre altres. Els municipis creixem en habitants i la Generalitat ha de dotar amb m\u00e9s recursos els serveis i adequar el pressupost a aquest creixement\u201d.<\/p>\n\n\n\n<p>La batllessa bisbalenca ha volgut agrair als portaveus dels grups pol\u00edtics del Parlament i al Conseller d\u2019Economia i Hisenda el fet que s\u2019hagin reunit amb els alcaldes i ha declarat que \u201cesperem que el que hem parlat avui es vegi reflectit als pressupostos i en la seva posterior execuci\u00f3\u201d.<\/p>\n\n\n\n<p><strong>Not\u00edcia relacionada<\/strong>: Els alcaldes i alcaldesses del Baix Pened\u00e8s rebutgen els pressupostos de la Generalitat de Catalunya perqu\u00e8 els consideren \u201cinsuficients i insolidaris\u201d: <a href=\"https:\/\/bisbalpenedes.com\/web\/2021\/11\/12\/els-alcaldes-i-alcaldesses-del-baix-penedes-rebutgen-els-pressupostos-de-la-generalitat-de-catalunya-perque-els-consideren-insuficients-i-insolidaris\/\">https:\/\/bisbalpenedes.com\/web\/2021\/11\/12\/els-alcaldes-i-alcaldesses-del-baix-penedes-rebutgen-els-pressupostos-de-la-generalitat-de-catalunya-perque-els-consideren-insuficients-i-insolidaris\/<\/a><\/p>\n\n\n\n<hr class=\"wp-block-separator\"\/>\n\n\n\n<figure class=\"wp-block-image size-large\"><img loading=\"lazy\" width=\"768\" height=\"1024\" src=\"https:\/\/bisbalpenedes.com\/web\/wp-content\/uploads\/2021\/11\/REUNIO\u0301-PARLAMENT-768x1024.jpeg\" alt=\"\" class=\"wp-image-19997\" srcset=\"https:\/\/bisbalpenedes.com\/web\/wp-content\/uploads\/2021\/11\/REUNIO\u0301-PARLAMENT-768x1024.jpeg 768w, https:\/\/bisbalpenedes.com\/web\/wp-content\/uploads\/2021\/11\/REUNIO\u0301-PARLAMENT-600x800.jpeg 600w, https:\/\/bisbalpenedes.com\/web\/wp-content\/uploads\/2021\/11\/REUNIO\u0301-PARLAMENT-225x300.jpeg 225w, https:\/\/bisbalpenedes.com\/web\/wp-content\/uploads\/2021\/11\/REUNIO\u0301-PARLAMENT-1152x1536.jpeg 1152w, https:\/\/bisbalpenedes.com\/web\/wp-content\/uploads\/2021\/11\/REUNIO\u0301-PARLAMENT.jpeg 1200w\" sizes=\"(max-width: 768px) 100vw, 768px\" \/><\/figure>\n\n\n\n<p><strong>CASTELLANO |<\/strong> Hoy jueves 18 de noviembre, varios alcaldes de la comarca -entre ellos la alcaldesa de la Bisbal del Pened\u00e8s, Agn\u00e8s Ferr\u00e9- se han reunido con los portavoces de los partidos con representaci\u00f3n en el Parlament de Catalunya y, posteriormente, con el <em>Conseller<\/em> de Econom\u00eda y Hacienda, Jaume Gir\u00f3, con los objetivos de mostrar su rechazo hacia el borrador de presupuestos de la Generalitat de Catalunya para el 2022, hacer presi\u00f3n a los grupos parlamentarios para que se modifiquen los presupuestos y exigir varias inversiones en la comarca. Durante la reuni\u00f3n de urgencia con el <em>Conseller<\/em> de Econom\u00eda y Hacienda, Jaume Gir\u00f3, se ha conseguido el compromiso del <em>Conseller<\/em> para incluir la redacci\u00f3n del proyecto de ampliaci\u00f3n del Hospital comarcal en los presupuestos 2022. Cabe recordar que las instalaciones del hospital se inauguraron hace m\u00e1s de 15 a\u00f1os y, durante este periodo, la comarca del Baix Pened\u00e8s ha doblado su volumen de poblaci\u00f3n.<\/p>\n\n\n\n<p>El presidente del Consell Comarcal del Baix Pened\u00e8s, Joan Sans, ha empezado la reuni\u00f3n exigiendo la ampliaci\u00f3n del hospital, la dotaci\u00f3n de recursos, la reindustrializaci\u00f3n y la ampliaci\u00f3n de la oferta formativa como ejes fundamentales para salir de la situaci\u00f3n actual. &#8220;Aumentar el presupuesto sanitario es fundamental, ampliar los horarios del CAP de l&#8217;Arbo\u00e7 solo es cuesti\u00f3n de poner m\u00e1s recursos humanos y ayudar\u00e1 a descongestionar las urgencias del Hospital del Vendrell\u201d, ha argumentado.<\/p>\n\n\n\n<p>Por su parte, el alcalde del Vendrell -la capital de la comarca- Kenneth Mart\u00ednez, ha manifestado que \u201cvenimos a evidenciar la singularidad del Baix Pened\u00e8s con un crecimiento demogr\u00e1fico constante. Pedimos un factor de correcci\u00f3n demogr\u00e1fico singular para nuestra comarca. Vivimos en una realidad metropolitana, pero sin disponer de los recursos pertinentes\u201d y ha pedido un compromiso de todos los grupos para poner el Baix Pened\u00e8s a la agenda del Pa\u00eds. \u201cLa mesa por el Baix Pened\u00e8s es \u00fatil pero insuficiente. Hay que actuar y los presupuestos nos dan una oportunidad.\u201d<\/p>\n\n\n\n<p>Los alcaldes han hecho una declaraci\u00f3n breve, pero contundente:<\/p>\n\n\n\n<p>1.-Rechazamos por insuficiente e insolidario para el Baix Pened\u00e8s el borrador de presupuestos<\/p>\n\n\n\n<p>2.-Exigimos las siguientes inversiones que son competencia de la Generalitat:<\/p>\n\n\n\n<ul><li>a)Ampliaci\u00f3n del Hospital Comarcal. Redacci\u00f3n del proyecto ejecutivo de la ampliaci\u00f3n del hospital comarcal.<\/li><li>b)Bonificaci\u00f3n peajes C32<\/li><li>c)Inversi\u00f3n en Idiada y en los pol\u00edgonos industriales de la comarca<\/li><li>d)Plan de choque del SOC contra el paro de la comarca<\/li><li>e)Dotaci\u00f3n de recursos humanos y materiales de los servicios p\u00fablicos (polic\u00eda, bomberos, sanitarios, docentes, etc) proporcional a nuestra poblaci\u00f3n, poblaci\u00f3n estacional y crecimiento migratorio. Factor corrector en el Baix Pened\u00e8s por el volumen y creciente poblaci\u00f3n.<\/li><li>f)M\u00e1s oferta formativa de Formaci\u00f3n Profesional.<\/li><\/ul>\n\n\n\n<p>La alcaldesa de la Bisbal del Pened\u00e8s, Agn\u00e8s Ferr\u00e9, ha apuntado que \u201cno hemos venido al Parlamento para exigir grandes inversiones ni infraestructuras en la comarca, hemos venido para exigir lo que nos corresponde: que en la comarca tengamos los servicios p\u00fablicos suficientes para dar servicio a toda la poblaci\u00f3n: ampliar el hospital comarcal, tener m\u00e1s oferta educativa con m\u00f3dulos y m\u00e1s dotaciones de bomberos y Mossos d\u2019Esquadra, entre otros. Los municipios crecemos en habitantes y la Generalitat tiene que dotar con m\u00e1s recursos los servicios y adecuar el presupuesto a este crecimiento\u201d.<\/p>\n\n\n\n<p>La alcaldesa de la Bisbal ha querido agradecer a los portavoces de los grupos pol\u00edticos del Parlamento y al Conseller de Econom\u00eda y Hacienda el hecho que se hayan reunido con los alcaldes y ha declarado que \u201cesperamos que lo que hemos hablado hoy se vea reflejado en los presupuestos y en su posterior ejecuci\u00f3n\u201d.<\/p>\n\n\n\n<p>Noticia relacionada: Los alcaldes y alcaldesas del Baix Pened\u00e8s rechazan los presupuestos de la Generalitat de Catalu\u00f1a porque los consideran \u201cinsuficientes e insolidarios\u201d: <a href=\"https:\/\/bisbalpenedes.com\/web\/2021\/11\/12\/els-alcaldes-i-alcaldesses-del-baix-penedes-rebutgen-els-pressupostos-de-la-generalitat-de-catalunya-perque-els-consideren-insuficients-i-insolidaris\/\">https:\/\/bisbalpenedes.com\/web\/2021\/11\/12\/els-alcaldes-i-alcaldesses-del-baix-penedes-rebutgen-els-pressupostos-de-la-generalitat-de-catalunya-perque-els-consideren-insuficients-i-insolidaris\/<\/a><\/p>\n","protected":false},"excerpt":{"rendered":"<p>Avui dijous 18 de novembre, diversos alcaldes de la comarca -entre ells l\u2019alcaldessa de la Bisbal del Pened\u00e8s, Agn\u00e8s Ferr\u00e9- s\u2019han reunit amb els portaveus dels partits amb representaci\u00f3 al &hellip; <a href=\"https:\/\/bisbalpenedes.com\/web\/2021\/11\/18\/lalcaldessa-de-la-bisbal-participa-en-la-reunio-dels-alcaldes-del-baix-penedes-amb-els-portaveus-dels-partits-amb-representacio-al-parlament-de-catalunya-i-amb-el-conseller-deconomia\/\" class=\"more-link\">Read More<\/a><\/p>\n","protected":false},"author":4,"featured_media":19999,"comment_status":"closed","ping_status":"closed","sticky":false,"template":"","format":"standard","meta":[],"categories":[2057,8],"tags":[1151,459,1056,4900,4901,4899],"_links":{"self":[{"href":"https:\/\/bisbalpenedes.com\/web\/wp-json\/wp\/v2\/posts\/19996"}],"collection":[{"href":"https:\/\/bisbalpenedes.com\/web\/wp-json\/wp\/v2\/posts"}],"about":[{"href":"https:\/\/bisbalpenedes.com\/web\/wp-json\/wp\/v2\/types\/post"}],"author":[{"embeddable":true,"href":"https:\/\/bisbalpenedes.com\/web\/wp-json\/wp\/v2\/users\/4"}],"replies":[{"embeddable":true,"href":"https:\/\/bisbalpenedes.com\/web\/wp-json\/wp\/v2\/comments?post=19996"}],"version-history":[{"count":1,"href":"https:\/\/bisbalpenedes.com\/web\/wp-json\/wp\/v2\/posts\/19996\/revisions"}],"predecessor-version":[{"id":20000,"href":"https:\/\/bisbalpenedes.com\/web\/wp-json\/wp\/v2\/posts\/19996\/revisions\/20000"}],"wp:featuredmedia":[{"embeddable":true,"href":"https:\/\/bisbalpenedes.com\/web\/wp-json\/wp\/v2\/media\/19999"}],"wp:attachment":[{"href":"https:\/\/bisbalpenedes.com\/web\/wp-json\/wp\/v2\/media?parent=19996"}],"wp:term":[{"taxonomy":"category","embeddable":true,"href":"https:\/\/bisbalpenedes.com\/web\/wp-json\/wp\/v2\/categories?post=19996"},{"taxonomy":"post_tag","embeddable":true,"href":"https:\/\/bisbalpenedes.com\/web\/wp-json\/wp\/v2\/tags?post=19996"}],"curies":[{"name":"wp","href":"https:\/\/api.w.org\/{rel}","templated":true}]}}