{"id":19954,"date":"2021-11-16T18:13:29","date_gmt":"2021-11-16T16:13:29","guid":{"rendered":"https:\/\/bisbalpenedes.com\/web\/?p=19954"},"modified":"2021-11-16T18:13:29","modified_gmt":"2021-11-16T16:13:29","slug":"joves-aporteu-les-vostres-idees-inquietuds-o-propostes-per-al-pla-local-de-joventut-entrant-al-formulari-de-la-consulta-publica-fins-a-l1-de-desembre","status":"publish","type":"post","link":"https:\/\/bisbalpenedes.com\/web\/2021\/11\/16\/joves-aporteu-les-vostres-idees-inquietuds-o-propostes-per-al-pla-local-de-joventut-entrant-al-formulari-de-la-consulta-publica-fins-a-l1-de-desembre\/","title":{"rendered":"Joves! Aporteu les vostres idees, inquietuds o propostes per al Pla Local de Joventut entrant al formulari de la consulta p\u00fablica fins a l&#8217;1 de desembre"},"content":{"rendered":"\n<p>Joves! Teniu idees, inquietuds o propostes per fer a l&#8217;Ajuntament de La Bisbal del Pened\u00e8s?<br>La Regidoria de Joventut tira endavant un proc\u00e9s participatiu amb l\u2019objectiu de con\u00e8ixer les idees, propostes i inquietuds dels joves de cara a la confecci\u00f3 del Pla Local de Joventut 2021-2024.<\/p>\n\n\n\n<p>S\u2019hi podr\u00e0 participar des del 17 de novembre fins a l&#8217;1 de desembre de 2021 a trav\u00e9s del formulari que trobareu a l&#8217;enlla\u00e7: <a rel=\"noreferrer noopener\" href=\"https:\/\/bisbalpenedes.com\/web\/pla-local-de-joventut-2021-2024-consulta-publica\/\" target=\"_blank\">https:\/\/bisbalpenedes.com\/web\/pla-local-de-joventut-2021-2024-consulta-publica\/<\/a><br><\/p>\n\n\n\n<hr class=\"wp-block-separator\"\/>\n\n\n\n<p><br>\u00a1J\u00f3venes! \u00bfTen\u00e9is ideas, inquietudes o propuestas para hacer al Ayuntamiento de La Bisbal del Pened\u00e8s?<br>La Concejal\u00eda de Juventud lleva a cabo un proceso participativo con el objetivo de conocer las ideas, propuestas e inquietudes de los j\u00f3venes de cara a la confecci\u00f3n del Plan Local de Juventud 2021-2024.<br><br>Se podr\u00e1 participar en la consulta desde el 17 de noviembre hasta el 1 de diciembre de 2021 a trav\u00e9s del formulario que encontrar\u00e9is en el enlace: <a rel=\"noreferrer noopener\" href=\"https:\/\/bisbalpenedes.com\/web\/pla-local-de-joventut-2021-2024-consulta-publica\/\" target=\"_blank\">https:\/\/bisbalpenedes.com\/web\/pla-local-de-joventut-2021-2024-consulta-publica\/<\/a><\/p>\n","protected":false},"excerpt":{"rendered":"<p>Joves! Teniu idees, inquietuds o propostes per fer a l&#8217;Ajuntament de La Bisbal del Pened\u00e8s?La Regidoria de Joventut tira endavant un proc\u00e9s participatiu amb l\u2019objectiu de con\u00e8ixer les idees, propostes &hellip; <a href=\"https:\/\/bisbalpenedes.com\/web\/2021\/11\/16\/joves-aporteu-les-vostres-idees-inquietuds-o-propostes-per-al-pla-local-de-joventut-entrant-al-formulari-de-la-consulta-publica-fins-a-l1-de-desembre\/\" class=\"more-link\">Read More<\/a><\/p>\n","protected":false},"author":4,"featured_media":19955,"comment_status":"closed","ping_status":"closed","sticky":false,"template":"","format":"standard","meta":[],"categories":[4269,8],"tags":[3096,210,393,1070,4896],"_links":{"self":[{"href":"https:\/\/bisbalpenedes.com\/web\/wp-json\/wp\/v2\/posts\/19954"}],"collection":[{"href":"https:\/\/bisbalpenedes.com\/web\/wp-json\/wp\/v2\/posts"}],"about":[{"href":"https:\/\/bisbalpenedes.com\/web\/wp-json\/wp\/v2\/types\/post"}],"author":[{"embeddable":true,"href":"https:\/\/bisbalpenedes.com\/web\/wp-json\/wp\/v2\/users\/4"}],"replies":[{"embeddable":true,"href":"https:\/\/bisbalpenedes.com\/web\/wp-json\/wp\/v2\/comments?post=19954"}],"version-history":[{"count":2,"href":"https:\/\/bisbalpenedes.com\/web\/wp-json\/wp\/v2\/posts\/19954\/revisions"}],"predecessor-version":[{"id":19957,"href":"https:\/\/bisbalpenedes.com\/web\/wp-json\/wp\/v2\/posts\/19954\/revisions\/19957"}],"wp:featuredmedia":[{"embeddable":true,"href":"https:\/\/bisbalpenedes.com\/web\/wp-json\/wp\/v2\/media\/19955"}],"wp:attachment":[{"href":"https:\/\/bisbalpenedes.com\/web\/wp-json\/wp\/v2\/media?parent=19954"}],"wp:term":[{"taxonomy":"category","embeddable":true,"href":"https:\/\/bisbalpenedes.com\/web\/wp-json\/wp\/v2\/categories?post=19954"},{"taxonomy":"post_tag","embeddable":true,"href":"https:\/\/bisbalpenedes.com\/web\/wp-json\/wp\/v2\/tags?post=19954"}],"curies":[{"name":"wp","href":"https:\/\/api.w.org\/{rel}","templated":true}]}}