{"id":19950,"date":"2021-11-18T23:30:00","date_gmt":"2021-11-18T21:30:00","guid":{"rendered":"https:\/\/bisbalpenedes.com\/web\/?p=19950"},"modified":"2021-11-16T17:41:36","modified_gmt":"2021-11-16T15:41:36","slug":"lajuntament-silluminara-de-color-blau-aquest-dimecres-amb-motiu-del-dia-universal-del-nen","status":"publish","type":"post","link":"https:\/\/bisbalpenedes.com\/web\/2021\/11\/18\/lajuntament-silluminara-de-color-blau-aquest-dimecres-amb-motiu-del-dia-universal-del-nen\/","title":{"rendered":"L\u2019Ajuntament s\u2019il\u00b7luminar\u00e0 de color blau aquest dimecres amb motiu del Dia Universal del Nen"},"content":{"rendered":"\n<p>L&#8217;Ajuntament de La Bisbal del Pened\u00e8s s&#8217;il\u00b7luminar\u00e0 de color blau aquest dissabte, al vespre, amb motiu del Dia Universal del Nen (o de la Infantesa), dedicat a tots els infants del m\u00f3n. Es tracta d&#8217;una jornada que es commemora per donar un impuls i crear consci\u00e8ncia sobre el benestar i els drets dels infants de tot el m\u00f3n -que inclouen la salut, l&#8217;educaci\u00f3, la protecci\u00f3 i la millora de la qualitat de vida- i se celebra el 20 de novembre perqu\u00e8 aquesta va ser la data en qu\u00e8 es va aprovar la Declaraci\u00f3 dels Drets del Nen (1959) i la Convenci\u00f3 sobre els Drets del Nen (1989).<\/p>\n\n\n\n<hr class=\"wp-block-separator\"\/>\n\n\n\n<p>El Ayuntamiento de La Bisbal del Pened\u00e8s se iluminar\u00e1 de color azul este s\u00e1bado, al anochecer, con motivo del D\u00eda Universal del Ni\u00f1o (o de la infancia), dedicado a todos los ni\u00f1os del mundo. Se trata de una jornada que se conmemora para dar un impulso y crear consciencia sobre el bienestar y los derechos de los ni\u00f1os de todo el mundo\u00a0\u00a0&#8211; que incluyen la salud, la educaci\u00f3n, la protecci\u00f3n y la mejora de la calidad de vida- y se celebra el 20 de noviembre porque esta fue la fecha en la que se aprob\u00f3 la Declaraci\u00f3n de los Derechos del Ni\u00f1o (1959) y la Convenci\u00f3n sobre los Derechos del Ni\u00f1o (1989).<\/p>\n\n\n\n<p><\/p>\n","protected":false},"excerpt":{"rendered":"<p>L&#8217;Ajuntament de La Bisbal del Pened\u00e8s s&#8217;il\u00b7luminar\u00e0 de color blau aquest dissabte, al vespre, amb motiu del Dia Universal del Nen (o de la Infantesa), dedicat a tots els infants &hellip; <a href=\"https:\/\/bisbalpenedes.com\/web\/2021\/11\/18\/lajuntament-silluminara-de-color-blau-aquest-dimecres-amb-motiu-del-dia-universal-del-nen\/\" class=\"more-link\">Read More<\/a><\/p>\n","protected":false},"author":4,"featured_media":19951,"comment_status":"closed","ping_status":"closed","sticky":false,"template":"","format":"standard","meta":[],"categories":[2402,8],"tags":[4893,4892,4895,4894,393],"_links":{"self":[{"href":"https:\/\/bisbalpenedes.com\/web\/wp-json\/wp\/v2\/posts\/19950"}],"collection":[{"href":"https:\/\/bisbalpenedes.com\/web\/wp-json\/wp\/v2\/posts"}],"about":[{"href":"https:\/\/bisbalpenedes.com\/web\/wp-json\/wp\/v2\/types\/post"}],"author":[{"embeddable":true,"href":"https:\/\/bisbalpenedes.com\/web\/wp-json\/wp\/v2\/users\/4"}],"replies":[{"embeddable":true,"href":"https:\/\/bisbalpenedes.com\/web\/wp-json\/wp\/v2\/comments?post=19950"}],"version-history":[{"count":1,"href":"https:\/\/bisbalpenedes.com\/web\/wp-json\/wp\/v2\/posts\/19950\/revisions"}],"predecessor-version":[{"id":19952,"href":"https:\/\/bisbalpenedes.com\/web\/wp-json\/wp\/v2\/posts\/19950\/revisions\/19952"}],"wp:featuredmedia":[{"embeddable":true,"href":"https:\/\/bisbalpenedes.com\/web\/wp-json\/wp\/v2\/media\/19951"}],"wp:attachment":[{"href":"https:\/\/bisbalpenedes.com\/web\/wp-json\/wp\/v2\/media?parent=19950"}],"wp:term":[{"taxonomy":"category","embeddable":true,"href":"https:\/\/bisbalpenedes.com\/web\/wp-json\/wp\/v2\/categories?post=19950"},{"taxonomy":"post_tag","embeddable":true,"href":"https:\/\/bisbalpenedes.com\/web\/wp-json\/wp\/v2\/tags?post=19950"}],"curies":[{"name":"wp","href":"https:\/\/api.w.org\/{rel}","templated":true}]}}