{"id":19943,"date":"2021-11-16T17:17:06","date_gmt":"2021-11-16T15:17:06","guid":{"rendered":"https:\/\/bisbalpenedes.com\/web\/?p=19943"},"modified":"2021-11-16T17:25:04","modified_gmt":"2021-11-16T15:25:04","slug":"lajuntament-silluminara-de-color-lila-aquest-dimecres-amb-motiu-del-dia-mundial-de-la-prematuritat","status":"publish","type":"post","link":"https:\/\/bisbalpenedes.com\/web\/2021\/11\/16\/lajuntament-silluminara-de-color-lila-aquest-dimecres-amb-motiu-del-dia-mundial-de-la-prematuritat\/","title":{"rendered":"L&#8217;Ajuntament s&#8217;il\u00b7luminar\u00e0 de color lila aquest dimecres amb motiu del Dia Mundial de la prematuritat"},"content":{"rendered":"\n<p>L&#8217;Ajuntament de La Bisbal del Pened\u00e8s s&#8217;il\u00b7luminar\u00e0 de color lila aquest dimecres al vespre amb motiu del Dia Mundial de la prematuritat i a favor de mantenir els pares i els nadons prematurs junts.<\/p>\n\n\n\n<p>Per a m\u00e9s informaci\u00f3 podeu consultar el web de l&#8217;Associaci\u00f3 de Prematurs de Catalunya &#8220;Som Prematurs&#8221;, l&#8217;entitat que es va crear el 2015 per acompanyar i donar resposta a les necessitats de les mares i els pares de nadons prematurs:&nbsp;<a href=\"http:\/\/www.somprematurs.cat\/\">www.somprematurs.cat<\/a><\/p>\n\n\n\n<hr class=\"wp-block-separator\"\/>\n\n\n\n<p>El Ayuntamiento de La Bisbal del Pened\u00e8s se iluminar\u00e1 de color lila este mi\u00e9rcoles al anochecer con motivo del D\u00eda Mundial de la prematuridad y a favor de mantener a los padres y los beb\u00e9s prematuros juntos.\u00a0<\/p>\n\n\n\n<p>Para m\u00e1s informaci\u00f3n pod\u00e9is consultar la web de la Associaci\u00f3 de Prematurs de Catalunya &#8220;Som Prematurs&#8221;, la entidad que se cre\u00f3 en el 2015 para acompa\u00f1ar y dar respuesta a las necesidades de las madres y los padres de beb\u00e9s prematuros:&nbsp;<a href=\"http:\/\/www.somprematurs.cat\/\">www.somprematurs.cat<\/a><\/p>\n","protected":false},"excerpt":{"rendered":"<p>L&#8217;Ajuntament de La Bisbal del Pened\u00e8s s&#8217;il\u00b7luminar\u00e0 de color lila aquest dimecres al vespre amb motiu del Dia Mundial de la prematuritat i a favor de mantenir els pares i &hellip; <a href=\"https:\/\/bisbalpenedes.com\/web\/2021\/11\/16\/lajuntament-silluminara-de-color-lila-aquest-dimecres-amb-motiu-del-dia-mundial-de-la-prematuritat\/\" class=\"more-link\">Read More<\/a><\/p>\n","protected":false},"author":4,"featured_media":19946,"comment_status":"closed","ping_status":"closed","sticky":false,"template":"","format":"standard","meta":[],"categories":[2402,8],"tags":[4891,393],"_links":{"self":[{"href":"https:\/\/bisbalpenedes.com\/web\/wp-json\/wp\/v2\/posts\/19943"}],"collection":[{"href":"https:\/\/bisbalpenedes.com\/web\/wp-json\/wp\/v2\/posts"}],"about":[{"href":"https:\/\/bisbalpenedes.com\/web\/wp-json\/wp\/v2\/types\/post"}],"author":[{"embeddable":true,"href":"https:\/\/bisbalpenedes.com\/web\/wp-json\/wp\/v2\/users\/4"}],"replies":[{"embeddable":true,"href":"https:\/\/bisbalpenedes.com\/web\/wp-json\/wp\/v2\/comments?post=19943"}],"version-history":[{"count":3,"href":"https:\/\/bisbalpenedes.com\/web\/wp-json\/wp\/v2\/posts\/19943\/revisions"}],"predecessor-version":[{"id":19948,"href":"https:\/\/bisbalpenedes.com\/web\/wp-json\/wp\/v2\/posts\/19943\/revisions\/19948"}],"wp:featuredmedia":[{"embeddable":true,"href":"https:\/\/bisbalpenedes.com\/web\/wp-json\/wp\/v2\/media\/19946"}],"wp:attachment":[{"href":"https:\/\/bisbalpenedes.com\/web\/wp-json\/wp\/v2\/media?parent=19943"}],"wp:term":[{"taxonomy":"category","embeddable":true,"href":"https:\/\/bisbalpenedes.com\/web\/wp-json\/wp\/v2\/categories?post=19943"},{"taxonomy":"post_tag","embeddable":true,"href":"https:\/\/bisbalpenedes.com\/web\/wp-json\/wp\/v2\/tags?post=19943"}],"curies":[{"name":"wp","href":"https:\/\/api.w.org\/{rel}","templated":true}]}}