{"id":19921,"date":"2021-11-15T14:16:12","date_gmt":"2021-11-15T12:16:12","guid":{"rendered":"https:\/\/bisbalpenedes.com\/web\/?p=19921"},"modified":"2021-11-15T15:12:52","modified_gmt":"2021-11-15T13:12:52","slug":"aquest-novembre-torna-a-gaudir-de-les-activitats-del-cicle-biblioteques-amb-do-a-la-biblioteca-de-la-bisbal-del-penedes","status":"publish","type":"post","link":"https:\/\/bisbalpenedes.com\/web\/2021\/11\/15\/aquest-novembre-torna-a-gaudir-de-les-activitats-del-cicle-biblioteques-amb-do-a-la-biblioteca-de-la-bisbal-del-penedes\/","title":{"rendered":"Aquest novembre torna a gaudir de les activitats del cicle &#8216;Biblioteques amb DO&#8217; a la Biblioteca de la Bisbal del Pened\u00e8s"},"content":{"rendered":"\n<p>La Biblioteca p\u00fablica de la Bisbal del Pened\u00e8s s&#8217;adhereix, un any m\u00e9s, al cicle d&#8217;activitats &#8216;Biblioteques amb DO&#8217;, un projecte com\u00fa de les Biblioteques de Catalunya que  apropa la cultura del vi a les biblioteques. L&#8217;edici\u00f3 d&#8217;enguany posar\u00e0 l&#8217;accent en la representaci\u00f3 del m\u00f3n del vi en l&#8217;art i, una vegada m\u00e9s, maridarem vi de Cellers Domenys amb llibres i cultura.<\/p>\n\n\n\n<p>Les activitats es duran a terme durant el mes de novembre. Us les detallem al cartell adjunt.<\/p>\n\n\n\n<hr class=\"wp-block-separator\"\/>\n\n\n\n<p>La Biblioteca p\u00fablica de la Bisbal del Pened\u00e8s se adhiere, un a\u00f1o m\u00e1s, al ciclo de actividades &#8216;Biblioteques amb DO&#8217;, un proyecto com\u00fan de las Bibliotecas de Catalunya que acerca la cultura del vino a las bibliotecas. La edici\u00f3n de este a\u00f1o pondr\u00e1 el acento en la representaci\u00f3n del mundo del vino en el arte y, una vez m\u00e1s, maridaremos vino de Cellers Domenys con libros y cultura.<\/p>\n\n\n\n<p>Las actividades se llevar\u00e1n a cabo durante el mes de noviembre. Os las detallamos en el cartel adjunto.<\/p>\n\n\n\n<figure class=\"wp-block-image size-large\"><img loading=\"lazy\" width=\"791\" height=\"1024\" src=\"https:\/\/bisbalpenedes.com\/web\/wp-content\/uploads\/2021\/11\/BibliotequesDo2021-791x1024.png\" alt=\"\" class=\"wp-image-19923\" srcset=\"https:\/\/bisbalpenedes.com\/web\/wp-content\/uploads\/2021\/11\/BibliotequesDo2021-791x1024.png 791w, https:\/\/bisbalpenedes.com\/web\/wp-content\/uploads\/2021\/11\/BibliotequesDo2021-600x777.png 600w, https:\/\/bisbalpenedes.com\/web\/wp-content\/uploads\/2021\/11\/BibliotequesDo2021-232x300.png 232w, https:\/\/bisbalpenedes.com\/web\/wp-content\/uploads\/2021\/11\/BibliotequesDo2021-768x994.png 768w, https:\/\/bisbalpenedes.com\/web\/wp-content\/uploads\/2021\/11\/BibliotequesDo2021-1187x1536.png 1187w, https:\/\/bisbalpenedes.com\/web\/wp-content\/uploads\/2021\/11\/BibliotequesDo2021.png 1545w\" sizes=\"(max-width: 791px) 100vw, 791px\" \/><\/figure>\n","protected":false},"excerpt":{"rendered":"<p>La Biblioteca p\u00fablica de la Bisbal del Pened\u00e8s s&#8217;adhereix, un any m\u00e9s, al cicle d&#8217;activitats &#8216;Biblioteques amb DO&#8217;, un projecte com\u00fa de les Biblioteques de Catalunya que apropa la cultura &hellip; <a href=\"https:\/\/bisbalpenedes.com\/web\/2021\/11\/15\/aquest-novembre-torna-a-gaudir-de-les-activitats-del-cicle-biblioteques-amb-do-a-la-biblioteca-de-la-bisbal-del-penedes\/\" class=\"more-link\">Read More<\/a><\/p>\n","protected":false},"author":4,"featured_media":19922,"comment_status":"closed","ping_status":"closed","sticky":false,"template":"","format":"standard","meta":[],"categories":[2942,2478,13,8],"tags":[3334,225,393,4890],"_links":{"self":[{"href":"https:\/\/bisbalpenedes.com\/web\/wp-json\/wp\/v2\/posts\/19921"}],"collection":[{"href":"https:\/\/bisbalpenedes.com\/web\/wp-json\/wp\/v2\/posts"}],"about":[{"href":"https:\/\/bisbalpenedes.com\/web\/wp-json\/wp\/v2\/types\/post"}],"author":[{"embeddable":true,"href":"https:\/\/bisbalpenedes.com\/web\/wp-json\/wp\/v2\/users\/4"}],"replies":[{"embeddable":true,"href":"https:\/\/bisbalpenedes.com\/web\/wp-json\/wp\/v2\/comments?post=19921"}],"version-history":[{"count":3,"href":"https:\/\/bisbalpenedes.com\/web\/wp-json\/wp\/v2\/posts\/19921\/revisions"}],"predecessor-version":[{"id":19927,"href":"https:\/\/bisbalpenedes.com\/web\/wp-json\/wp\/v2\/posts\/19921\/revisions\/19927"}],"wp:featuredmedia":[{"embeddable":true,"href":"https:\/\/bisbalpenedes.com\/web\/wp-json\/wp\/v2\/media\/19922"}],"wp:attachment":[{"href":"https:\/\/bisbalpenedes.com\/web\/wp-json\/wp\/v2\/media?parent=19921"}],"wp:term":[{"taxonomy":"category","embeddable":true,"href":"https:\/\/bisbalpenedes.com\/web\/wp-json\/wp\/v2\/categories?post=19921"},{"taxonomy":"post_tag","embeddable":true,"href":"https:\/\/bisbalpenedes.com\/web\/wp-json\/wp\/v2\/tags?post=19921"}],"curies":[{"name":"wp","href":"https:\/\/api.w.org\/{rel}","templated":true}]}}