{"id":19908,"date":"2021-11-12T20:44:55","date_gmt":"2021-11-12T18:44:55","guid":{"rendered":"https:\/\/bisbalpenedes.com\/web\/?p=19908"},"modified":"2021-11-15T15:54:33","modified_gmt":"2021-11-15T13:54:33","slug":"17-persones-que-shan-format-en-coaching-laboral-i-logistica-a-la-bisbal-del-penedes-han-comencat-les-practiques-aquest-dilluns","status":"publish","type":"post","link":"https:\/\/bisbalpenedes.com\/web\/2021\/11\/12\/17-persones-que-shan-format-en-coaching-laboral-i-logistica-a-la-bisbal-del-penedes-han-comencat-les-practiques-aquest-dilluns\/","title":{"rendered":"17 persones que s\u2019han format dins del punt formatiu Incorpora en &#8216;coaching&#8217; laboral i log\u00edstica a La Bisbal del Pened\u00e8s han comen\u00e7at les pr\u00e0ctiques aquest dilluns"},"content":{"rendered":"\n<p>El passat mes d\u2019octubre es va engegar, a La Bisbal del Pened\u00e8s, un curs gratu\u00eft de\u00a0<em>coaching<\/em>\u00a0laboral i log\u00edstica organitzat des del Servei d\u2019Ocupaci\u00f3 Municipal de la Bisbal del Pened\u00e8s (SOM Bisbal), la Cooperativa Actua i Incorpora (Fundaci\u00f3 La Caixa). Es tracta d\u2019una formaci\u00f3 gratu\u00efta (subvencionada pel programa Incorpora de la Caixa) que Actua va fer a mida per a una empresa del territori, ID Logistics, i que oferia als assistents la possibilitat de fer pr\u00e0ctiques al centre de treball d\u2019ID Logistics per a Kiabi.<\/p>\n\n\n\n<p>Aquest dilluns 8 de novembre, 17 de les 20 persones que van comen\u00e7ar el curs han iniciat el per\u00edode de pr\u00e0ctiques a l\u2019empresa, amb l\u2019objectiu de posar a prova els aprenentatges adquirits en el m\u00f3n laboral: arribada de productes,&nbsp;<em>picking<\/em>, enviament, etc. L\u2019alcaldessa de la Bisbal del Pened\u00e8s i responsable de l\u2019\u00e0rea d\u2019Ocupaci\u00f3, Agn\u00e8s Ferr\u00e9, ha volgut \u201cfelicitar les 17 persones que estan fent pr\u00e0ctiques despr\u00e9s de fer curs te\u00f2ric&#8221;. Tamb\u00e9 ha volgut agrair \u201ca ID Log\u00edstics que hagi confiat en el SOM Bisbal i Actua per tirar endavant aquesta formaci\u00f3, que s\u2019ha fet a mida de les seves necessitats de personal. De fet, l\u2019empresa necessita personal i, dels alumnes que estan en pr\u00e0ctiques, contractaran aquells que superin aquest per\u00edode. Per tant, es tracta d\u2019una formaci\u00f3 que facilita la inserci\u00f3 laboral dels seus participants&#8221;. Ferr\u00e9 ha afegit que \u201caquest dijous al mat\u00ed hem visitat la planta, hem vist els treballadors en pr\u00e0ctiques d\u2019un dels torns -el de mat\u00ed- i hem conversat amb Actua i Incorpora, que ens han explicat que aquest projecte est\u00e0 sent un \u00e8xit. Ha estat la primera col\u00b7laboraci\u00f3 d\u2019aquest tipus, per\u00f2 que no ser\u00e0 l\u2019\u00fanica\u201d.&nbsp;<\/p>\n\n\n\n<p>El curs gratu\u00eft de&nbsp;<em>coaching<\/em>&nbsp;laboral i log\u00edstica s\u2019adre\u00e7ava a tota la poblaci\u00f3, sense l\u00edmit d\u2019edat, en situaci\u00f3 d\u2019atur o vulnerabilitat a l\u2019hora de trobar feina.&nbsp;<\/p>\n\n\n\n<hr class=\"wp-block-separator\"\/>\n\n\n\n<p><strong>CASTELLANO<\/strong>\u00a0| El pasado mes de octubre empez\u00f3, en la Bisbal del Pened\u00e8s, un curso gratuito de\u00a0<em>coaching<\/em>\u00a0laboral y log\u00edstica organizado desde el Servei d\u2019Ocupaci\u00f3 Municipal de la Bisbal del Pened\u00e8s (SOM Bisbal), la Cooperativa Actua e Incorpora (Fundaci\u00f3 La Caixa). Se trata de una formaci\u00f3n gratuita (subvencionada por el programa Incorpora de la Caixa) que Actua hizo a medida para una empresa del territorio, ID Logistics, y que ofrec\u00eda a los asistentes la posibilidad de hacer pr\u00e1cticas en el centro de trabajo de ID Logistics para Kiabi.<\/p>\n\n\n\n<p>Este lunes 8 de noviembre, 17 de las 20 personas que empezaron el curso han iniciado el periodo de pr\u00e1cticas en la empresa, con el objetivo de poner a prueba los aprendizajes adquiridos en el mundo laboral: llegada de productos, picking, env\u00edo, etc. La alcaldesa de la Bisbal del Pened\u00e8s y responsable del \u00e1rea de Ocupaci\u00f3n, Agn\u00e8s Ferr\u00e9, ha querido \u201cfelicitar a las 17 personas que est\u00e1n haciendo pr\u00e1cticas despu\u00e9s de hacer el curso te\u00f3rico\u201d. Tambi\u00e9n ha querido agradecer \u201ca ID Logistics que haya confiado en el SOM Bisbal y Actua para llevar a cabo esta formaci\u00f3n, que se ha hecho a medida de sus necesidades de personal. De hecho, la empresa necesita personal y, de los alumnos que est\u00e1n haciendo pr\u00e1cticas, contratar\u00e1n a aquellos que superen este periodo. Por tanto, se trata de una formaci\u00f3n que facilita la inserci\u00f3n laboral de sus participantes\u201d. Ferr\u00e9 ha a\u00f1adido que \u201ceste jueves por la ma\u00f1ana hemos visitado la planta, hemos visto a los trabajadores en pr\u00e1cticas de uno de los turnos -el de ma\u00f1anas- y hemos conversado con Actua e Incorpora, que nos han explicado que este proyecto est\u00e1 siendo un \u00e9xito. Ha sido la primera colaboraci\u00f3n de este tipo pero que no ser\u00e1 la \u00fanica\u201d.<\/p>\n\n\n\n<p>El curso gratuito de coaching laboral y log\u00edstica estaba dirigido a toda la poblaci\u00f3n, sin l\u00edmite de edad, en situaci\u00f3n de paro o vulnerabilidad a la hora de encontrar trabajo.<\/p>\n","protected":false},"excerpt":{"rendered":"<p>El passat mes d\u2019octubre es va engegar, a La Bisbal del Pened\u00e8s, un curs gratu\u00eft de\u00a0coaching\u00a0laboral i log\u00edstica organitzat des del Servei d\u2019Ocupaci\u00f3 Municipal de la Bisbal del Pened\u00e8s (SOM &hellip; <a href=\"https:\/\/bisbalpenedes.com\/web\/2021\/11\/12\/17-persones-que-shan-format-en-coaching-laboral-i-logistica-a-la-bisbal-del-penedes-han-comencat-les-practiques-aquest-dilluns\/\" class=\"more-link\">Read More<\/a><\/p>\n","protected":false},"author":4,"featured_media":19909,"comment_status":"closed","ping_status":"closed","sticky":false,"template":"","format":"standard","meta":[],"categories":[8,9],"tags":[4888,4821,62,41,4887,4889,1136,393,644,848],"_links":{"self":[{"href":"https:\/\/bisbalpenedes.com\/web\/wp-json\/wp\/v2\/posts\/19908"}],"collection":[{"href":"https:\/\/bisbalpenedes.com\/web\/wp-json\/wp\/v2\/posts"}],"about":[{"href":"https:\/\/bisbalpenedes.com\/web\/wp-json\/wp\/v2\/types\/post"}],"author":[{"embeddable":true,"href":"https:\/\/bisbalpenedes.com\/web\/wp-json\/wp\/v2\/users\/4"}],"replies":[{"embeddable":true,"href":"https:\/\/bisbalpenedes.com\/web\/wp-json\/wp\/v2\/comments?post=19908"}],"version-history":[{"count":5,"href":"https:\/\/bisbalpenedes.com\/web\/wp-json\/wp\/v2\/posts\/19908\/revisions"}],"predecessor-version":[{"id":19929,"href":"https:\/\/bisbalpenedes.com\/web\/wp-json\/wp\/v2\/posts\/19908\/revisions\/19929"}],"wp:featuredmedia":[{"embeddable":true,"href":"https:\/\/bisbalpenedes.com\/web\/wp-json\/wp\/v2\/media\/19909"}],"wp:attachment":[{"href":"https:\/\/bisbalpenedes.com\/web\/wp-json\/wp\/v2\/media?parent=19908"}],"wp:term":[{"taxonomy":"category","embeddable":true,"href":"https:\/\/bisbalpenedes.com\/web\/wp-json\/wp\/v2\/categories?post=19908"},{"taxonomy":"post_tag","embeddable":true,"href":"https:\/\/bisbalpenedes.com\/web\/wp-json\/wp\/v2\/tags?post=19908"}],"curies":[{"name":"wp","href":"https:\/\/api.w.org\/{rel}","templated":true}]}}