{"id":19905,"date":"2021-11-12T20:22:38","date_gmt":"2021-11-12T18:22:38","guid":{"rendered":"https:\/\/bisbalpenedes.com\/web\/?p=19905"},"modified":"2021-11-12T20:22:38","modified_gmt":"2021-11-12T18:22:38","slug":"els-alcaldes-i-alcaldesses-del-baix-penedes-rebutgen-els-pressupostos-de-la-generalitat-de-catalunya-perque-els-consideren-insuficients-i-insolidaris","status":"publish","type":"post","link":"https:\/\/bisbalpenedes.com\/web\/2021\/11\/12\/els-alcaldes-i-alcaldesses-del-baix-penedes-rebutgen-els-pressupostos-de-la-generalitat-de-catalunya-perque-els-consideren-insuficients-i-insolidaris\/","title":{"rendered":"Els alcaldes i alcaldesses del Baix Pened\u00e8s rebutgen els pressupostos de la Generalitat de Catalunya perqu\u00e8 els consideren &#8220;insuficients i insolidaris&#8221;"},"content":{"rendered":"\n<p>Els alcaldes i alcaldesses del Baix Pened\u00e8s rebutgen els pressupostos de la Generalitat de Catalunya perqu\u00e8 els consideren \u201cinsuficients i insolidaris\u201d. Els batlles i batllesses de la comarca tenien les esperances posades en la feina que s\u2019havia fet i que s\u2019est\u00e0 fent al voltant de la Taula del Baix Pened\u00e8s. Per aquest motiu convocaran, amb urg\u00e8ncia, el Govern i, m\u00e9s concretament, la Conselleria de Presid\u00e8ncia, que fa uns mesos ja va rebre els alcaldes a la Generalitat i que va agafar el comprom\u00eds d\u2019escoltar la demanda que es feia des del Baix Pened\u00e8s. Alhora, els 14 alcaldes i alcaldesses prepararan accions reivindicatives al Parlament, com ara la seva pres\u00e8ncia, all\u00e0, quan es discuteixi el projecte de pressupostos. Els alcaldes de la comarca expliquen que \u201cel Parlament de Catalunya \u00e9s la representaci\u00f3 de la sobirania popular i ens vol donar l\u2019esquena\u201d i reafirmen, un cop m\u00e9s, en un missatge d\u2019unitat que \u201caix\u00f2 no va de partits, va de territori\u201d. Per aquest motiu emplacen tots&nbsp;&nbsp;els partits a qu\u00e8 \u201cfacin un exercici de realisme i de comprom\u00eds amb el Baix Pened\u00e8s\u201d.&nbsp;<\/p>\n\n\n\n<p>Per la seva banda, l\u2019alcaldessa de la Bisbal del Pened\u00e8s, Agn\u00e8s Ferr\u00e9, ha explicat que \u201crebutgem l\u2019esborrany de pressupostos perqu\u00e8 no inclou cap de les partides necess\u00e0ries en seguretat, salut i ensenyament que vam exposar\u201d.<\/p>\n\n\n\n<p>Per tot plegat, els alcaldes i alcaldesses del Baix Pened\u00e8s demanen que el govern els escolti i, si no \u00e9s aix\u00ed, \u201cque els partits que hagin de donar suport als comptes del govern posin per endavant la cl\u00e0usula del Baix Pened\u00e8s, \u00e9s a dir, donar suport als comptes si es respecten les demandes del territori\u201d perqu\u00e8 \u201cno podem continuar aix\u00ed, s\u00f3n molts anys de menysteniment, hem dit PROU\u201d.<\/p>\n\n\n\n<hr class=\"wp-block-separator\"\/>\n\n\n\n<p><strong>CASTELLANO<\/strong> | Los alcaldes y alcaldesas del Baix Pened\u00e8s rechazan los presupuestos de la Generalitat de Catalunya porque los consideran \u201cinsuficientes e insolidarios\u201d. Los alcaldes y alcaldesas ten\u00edan las esperanzas puestas en el trabajo que se hab\u00eda hecho y que se est\u00e1 haciendo alrededor de la Mesa del Baix Pened\u00e8s. Por este motivo convocar\u00e1n, con urgencia, al Gobierno y, m\u00e1s concretamente, a la Consejer\u00eda de Presidencia, que hace unos meses ya recibi\u00f3 a los alcaldes en la Generalitat y cogi\u00f3 el compromiso de escuchar la demanda que se hac\u00eda desde el Baix Pened\u00e8s. Ahora, los 14 alcaldes y alcaldesas preparar\u00e1n acciones reivindicativas en el Parlamento, como por ejemplo su presencia, all\u00ed, cuando se discuta el proyecto de presupuestos. Los alcaldes de la comarca explican que \u201cel Parlamento de Catalunya es la representaci\u00f3n de la soberan\u00eda popular y nos quiere dar la espalda\u201d y reafirman, una vez m\u00e1s, en un mensaje de unidad que \u201cesto no va de partidos, va de territorio\u201d. Por este motivo emplazan a todos los partidos a que \u201chagan un ejercicio de realismo y de compromiso con el Baix Pened\u00e8s\u201d.<\/p>\n\n\n\n<p>Por su parte, la alcaldesa de la Bisbal del Pened\u00e8s, Agn\u00e8s Ferr\u00e9, ha explicado que \u201crechazamos el borrador de presupuestos porque no incluye ninguna de las partidas necesarias en seguridad, salud y educaci\u00f3n que expusimos\u201d.<\/p>\n\n\n\n<p>Por todo ello, los alcaldes y alcaldesas del Baix Pened\u00e8s piden que el gobierno los escuche y, si no es as\u00ed, \u201cque los partidos que vayan a apoyar las cuentas del gobierno pongan por delante la cl\u00e1usula del Baix Pened\u00e8s, es decir, apoyar las cuentas si se respetan las demandas del territorio\u201d porque \u201cno podemos seguir as\u00ed, son muchos a\u00f1os de menosprecio, hemos dicho BASTA\u201d.<\/p>\n","protected":false},"excerpt":{"rendered":"<p>Els alcaldes i alcaldesses del Baix Pened\u00e8s rebutgen els pressupostos de la Generalitat de Catalunya perqu\u00e8 els consideren \u201cinsuficients i insolidaris\u201d. Els batlles i batllesses de la comarca tenien les &hellip; <a href=\"https:\/\/bisbalpenedes.com\/web\/2021\/11\/12\/els-alcaldes-i-alcaldesses-del-baix-penedes-rebutgen-els-pressupostos-de-la-generalitat-de-catalunya-perque-els-consideren-insuficients-i-insolidaris\/\" class=\"more-link\">Read More<\/a><\/p>\n","protected":false},"author":4,"featured_media":19906,"comment_status":"closed","ping_status":"closed","sticky":false,"template":"","format":"standard","meta":[],"categories":[2057,8],"tags":[1151,1511,2328,1252,459,4886,393,4885],"_links":{"self":[{"href":"https:\/\/bisbalpenedes.com\/web\/wp-json\/wp\/v2\/posts\/19905"}],"collection":[{"href":"https:\/\/bisbalpenedes.com\/web\/wp-json\/wp\/v2\/posts"}],"about":[{"href":"https:\/\/bisbalpenedes.com\/web\/wp-json\/wp\/v2\/types\/post"}],"author":[{"embeddable":true,"href":"https:\/\/bisbalpenedes.com\/web\/wp-json\/wp\/v2\/users\/4"}],"replies":[{"embeddable":true,"href":"https:\/\/bisbalpenedes.com\/web\/wp-json\/wp\/v2\/comments?post=19905"}],"version-history":[{"count":1,"href":"https:\/\/bisbalpenedes.com\/web\/wp-json\/wp\/v2\/posts\/19905\/revisions"}],"predecessor-version":[{"id":19907,"href":"https:\/\/bisbalpenedes.com\/web\/wp-json\/wp\/v2\/posts\/19905\/revisions\/19907"}],"wp:featuredmedia":[{"embeddable":true,"href":"https:\/\/bisbalpenedes.com\/web\/wp-json\/wp\/v2\/media\/19906"}],"wp:attachment":[{"href":"https:\/\/bisbalpenedes.com\/web\/wp-json\/wp\/v2\/media?parent=19905"}],"wp:term":[{"taxonomy":"category","embeddable":true,"href":"https:\/\/bisbalpenedes.com\/web\/wp-json\/wp\/v2\/categories?post=19905"},{"taxonomy":"post_tag","embeddable":true,"href":"https:\/\/bisbalpenedes.com\/web\/wp-json\/wp\/v2\/tags?post=19905"}],"curies":[{"name":"wp","href":"https:\/\/api.w.org\/{rel}","templated":true}]}}