{"id":19890,"date":"2021-11-10T22:29:00","date_gmt":"2021-11-10T20:29:00","guid":{"rendered":"https:\/\/bisbalpenedes.com\/web\/?p=19890"},"modified":"2021-11-11T00:31:28","modified_gmt":"2021-11-10T22:31:28","slug":"avis-per-vent-per-al-dijous-11-de-novembre-de-2021","status":"publish","type":"post","link":"https:\/\/bisbalpenedes.com\/web\/2021\/11\/10\/avis-per-vent-per-al-dijous-11-de-novembre-de-2021\/","title":{"rendered":"Av\u00eds per vent per al dijous 11 de novembre de 2021"},"content":{"rendered":"\n<p>El Servei Meteorol\u00f2gic ha em\u00e8s un av\u00eds per vent per dem\u00e0 dijous. Extremeu les precaucions.<\/p>\n\n\n\n<hr class=\"wp-block-separator\"\/>\n\n\n\n<p>El Servicio Meteorol\u00f3gico de Catalunya ha emitido un aviso por viento para ma\u00f1ana jueves. Extremad las precauciones.<\/p>\n\n\n\n<figure class=\"wp-block-image size-large\"><img loading=\"lazy\" width=\"1024\" height=\"1024\" src=\"https:\/\/bisbalpenedes.com\/web\/wp-content\/uploads\/2020\/12\/infografies_ventades_TOTS_page-0002-1024x1024.jpg\" alt=\"\" class=\"wp-image-15770\" srcset=\"https:\/\/bisbalpenedes.com\/web\/wp-content\/uploads\/2020\/12\/infografies_ventades_TOTS_page-0002-1024x1024.jpg 1024w, https:\/\/bisbalpenedes.com\/web\/wp-content\/uploads\/2020\/12\/infografies_ventades_TOTS_page-0002-300x300.jpg 300w, https:\/\/bisbalpenedes.com\/web\/wp-content\/uploads\/2020\/12\/infografies_ventades_TOTS_page-0002-100x100.jpg 100w, https:\/\/bisbalpenedes.com\/web\/wp-content\/uploads\/2020\/12\/infografies_ventades_TOTS_page-0002-600x600.jpg 600w, https:\/\/bisbalpenedes.com\/web\/wp-content\/uploads\/2020\/12\/infografies_ventades_TOTS_page-0002-150x150.jpg 150w, https:\/\/bisbalpenedes.com\/web\/wp-content\/uploads\/2020\/12\/infografies_ventades_TOTS_page-0002-768x768.jpg 768w, https:\/\/bisbalpenedes.com\/web\/wp-content\/uploads\/2020\/12\/infografies_ventades_TOTS_page-0002.jpg 1250w\" sizes=\"(max-width: 1024px) 100vw, 1024px\" \/><\/figure>\n","protected":false},"excerpt":{"rendered":"<p>El Servei Meteorol\u00f2gic ha em\u00e8s un av\u00eds per vent per dem\u00e0 dijous. Extremeu les precaucions. El Servicio Meteorol\u00f3gico de Catalunya ha emitido un aviso por viento para ma\u00f1ana jueves. Extremad &hellip; <a href=\"https:\/\/bisbalpenedes.com\/web\/2021\/11\/10\/avis-per-vent-per-al-dijous-11-de-novembre-de-2021\/\" class=\"more-link\">Read More<\/a><\/p>\n","protected":false},"author":4,"featured_media":19893,"comment_status":"closed","ping_status":"closed","sticky":false,"template":"","format":"standard","meta":[],"categories":[2543,8],"tags":[459,3566,393,1188,1187,3362],"_links":{"self":[{"href":"https:\/\/bisbalpenedes.com\/web\/wp-json\/wp\/v2\/posts\/19890"}],"collection":[{"href":"https:\/\/bisbalpenedes.com\/web\/wp-json\/wp\/v2\/posts"}],"about":[{"href":"https:\/\/bisbalpenedes.com\/web\/wp-json\/wp\/v2\/types\/post"}],"author":[{"embeddable":true,"href":"https:\/\/bisbalpenedes.com\/web\/wp-json\/wp\/v2\/users\/4"}],"replies":[{"embeddable":true,"href":"https:\/\/bisbalpenedes.com\/web\/wp-json\/wp\/v2\/comments?post=19890"}],"version-history":[{"count":2,"href":"https:\/\/bisbalpenedes.com\/web\/wp-json\/wp\/v2\/posts\/19890\/revisions"}],"predecessor-version":[{"id":19892,"href":"https:\/\/bisbalpenedes.com\/web\/wp-json\/wp\/v2\/posts\/19890\/revisions\/19892"}],"wp:featuredmedia":[{"embeddable":true,"href":"https:\/\/bisbalpenedes.com\/web\/wp-json\/wp\/v2\/media\/19893"}],"wp:attachment":[{"href":"https:\/\/bisbalpenedes.com\/web\/wp-json\/wp\/v2\/media?parent=19890"}],"wp:term":[{"taxonomy":"category","embeddable":true,"href":"https:\/\/bisbalpenedes.com\/web\/wp-json\/wp\/v2\/categories?post=19890"},{"taxonomy":"post_tag","embeddable":true,"href":"https:\/\/bisbalpenedes.com\/web\/wp-json\/wp\/v2\/tags?post=19890"}],"curies":[{"name":"wp","href":"https:\/\/api.w.org\/{rel}","templated":true}]}}