{"id":19836,"date":"2021-11-09T18:21:24","date_gmt":"2021-11-09T16:21:24","guid":{"rendered":"https:\/\/bisbalpenedes.com\/web\/?p=19836"},"modified":"2021-11-09T18:21:24","modified_gmt":"2021-11-09T16:21:24","slug":"propostes-de-lordre-del-dia-de-la-junta-de-govern-local-del-08-de-novembre-de-2021-amb-competencies-delegades-del-ple","status":"publish","type":"post","link":"https:\/\/bisbalpenedes.com\/web\/2021\/11\/09\/propostes-de-lordre-del-dia-de-la-junta-de-govern-local-del-08-de-novembre-de-2021-amb-competencies-delegades-del-ple\/","title":{"rendered":"Propostes de l&#8217;Ordre del dia de la Junta de Govern local del 08 de novembre de 2021 amb compet\u00e8ncies delegades del Ple"},"content":{"rendered":"\n<p>La Junta de Govern del dilluns 8 de novembre inclo\u00efa -i va aprovar- quatre propostes amb compet\u00e8ncia del Ple delegada a la Junta de Govern:<\/p>\n\n\n\n<ul><li>Retirada del quart classificat del procediment de contractaci\u00f3 de les obres de la primera fase del poliesportiu municipal i petici\u00f3 de documentaci\u00f3 al cinqu\u00e8 classificat del procediment de contractaci\u00f3 de les obres de la primera fase del poliesportiu municipal.<\/li><li>Iniciar procediment de penalitzaci\u00f3, si s\u2019escau, a les primeres empreses en l\u2019adjudicaci\u00f3 de les obres de la primera fase del poliesportiu municipal (s\u00f3n tres punts diferents de la Junta de Govern, un per empresa). Les tres empreses classificades -i que han retirat les seves ofertes- podran presentar les al\u00b7legacions que considerin oportunes, durant un termini de 10 dies, davant la sol\u00b7licitud de penalitzaci\u00f3 i prohibici\u00f3 de contractaci\u00f3 d&#8217;aquestes empreses per part de l&#8217;Ajuntament que van demanar els regidors del PSC a trav\u00e9s de recursos de reposici\u00f3.<\/li><\/ul>\n\n\n\n<p>Les sessions de la Junta de Govern Local no s\u00f3n p\u00fabliques, per\u00f2 quan actua amb compet\u00e8ncies delegades del Ple, la sessi\u00f3 se sotmet als mateixos requisits de publicitat que les sessions del ple, que s\u00f3n p\u00fabliques. Aix\u00ed ho va declarar la STS 161\/2013, de 26 de setembre. Per aquest motiu a les 19:15h del dilluns 8 de novembre es van obrir les portes de la sala de Plens perqu\u00e8 qui ho desitg\u00e9s pogu\u00e9s assistir com a p\u00fablic durant l\u2019aprovaci\u00f3 d\u2019aquests punts de la Junta de Govern. Tot i que l\u2019aprovaci\u00f3 d\u2019aquests punts podia comptar amb la pres\u00e8ncia de p\u00fablic, tamb\u00e9 es van gravar aquests punts i ara publiquem el v\u00eddeo a Youtube per garantir la seva publicitat. Per tot plegat, els regidors de l\u2019oposici\u00f3 van rebre pr\u00e8viament la informaci\u00f3 sobre aquestes propostes a la seva b\u00fastia de correu electr\u00f2nic.<\/p>\n\n\n\n<figure class=\"wp-block-embed is-type-video is-provider-youtube wp-block-embed-youtube wp-embed-aspect-16-9 wp-has-aspect-ratio\"><div class=\"wp-block-embed__wrapper\">\n<iframe loading=\"lazy\" title=\"Punt de l&#039;Ordre del dia de la Junta de Govern local del 08\/11\/21 amb compet\u00e8ncies delegades del Ple.\" width=\"1170\" height=\"658\" src=\"https:\/\/www.youtube.com\/embed\/tfZSPRJvEVU?feature=oembed\" frameborder=\"0\" allow=\"accelerometer; autoplay; clipboard-write; encrypted-media; gyroscope; picture-in-picture\" allowfullscreen><\/iframe>\n<\/div><\/figure>\n\n\n\n<hr class=\"wp-block-separator\"\/>\n\n\n\n<p>La Junta de Gobierno del lunes 8 de noviembre inclu\u00eda -y aprob\u00f3- cuatro propuestas con competencia del Pleno delegadas a la Junta de Gobierno:<\/p>\n\n\n\n<ul><li>Retirada del cuarto clasificado del procedimiento de contrataci\u00f3n de las obras de la primera fase del polideportivo municipal y petici\u00f3n de documentaci\u00f3n al quinto clasificado del procedimiento de contrataci\u00f3n de las obras de la primera fase del polideportivo municipal.<\/li><li>Iniciar procedimiento de penalizaci\u00f3n, si corresponde, a las tres primeras empresas en la adjudicaci\u00f3n de las obras de la primera fase del polideportivo municipal (se trata de tres puntos distintos de la Junta de Gobierno, uno por empresa). Las tres empresas clasificadas en primer lugar -y que han retirado sus ofertas- podr\u00e1n presentar las alegaciones que consideren oportunas, durante un plazo de 10 d\u00edas, ante la solicitud de penalizaci\u00f3n y prohibici\u00f3n de contrataci\u00f3n de estas empresas por parte del Ayuntamiento que solicitaron los concejales del PSC a trav\u00e9s de recursos de reposici\u00f3n.\u00a0<\/li><\/ul>\n\n\n\n<p>Las sesiones de la Junta de Gobierno Local no son p\u00fablicas, pero cuando act\u00faa con competencias delegadas del Pleno, la sesi\u00f3n se somete a los mismos requisitos de publicidad que las sesiones del pleno, que son p\u00fablicas. As\u00ed lo declar\u00f3 la STS 161\/2013, del 26 de septiembre. Por este motivo, a las 19:15h del lunes 8 de noviembre se abrieron las puertas de la sala de Plenos para que quien lo desease pudiese asistir como p\u00fablico durante la aprobaci\u00f3n de estos puntos de la Junta de Gobierno. Aunque la aprobaci\u00f3n de estos puntos pod\u00eda contar con la presencia de p\u00fablico, tambi\u00e9n se grabaron estos puntos y ahora publicamos el v\u00eddeo en Youtube para garantizar su publicidad. Por todo ello, los concejales de la oposici\u00f3n recibieron previamente la informaci\u00f3n sobre estas propuestas en su buz\u00f3n de correo electr\u00f3nico.&nbsp;<\/p>\n\n\n\n<figure class=\"wp-block-embed is-type-video is-provider-youtube wp-block-embed-youtube wp-embed-aspect-16-9 wp-has-aspect-ratio\"><div class=\"wp-block-embed__wrapper\">\n<iframe loading=\"lazy\" title=\"Punt de l&#039;Ordre del dia de la Junta de Govern local del 08\/11\/21 amb compet\u00e8ncies delegades del Ple.\" width=\"1170\" height=\"658\" src=\"https:\/\/www.youtube.com\/embed\/tfZSPRJvEVU?feature=oembed\" frameborder=\"0\" allow=\"accelerometer; autoplay; clipboard-write; encrypted-media; gyroscope; picture-in-picture\" allowfullscreen><\/iframe>\n<\/div><\/figure>\n\n\n\n<p><\/p>\n","protected":false},"excerpt":{"rendered":"<p>La Junta de Govern del dilluns 8 de novembre inclo\u00efa -i va aprovar- quatre propostes amb compet\u00e8ncia del Ple delegada a la Junta de Govern: Retirada del quart classificat del &hellip; <a href=\"https:\/\/bisbalpenedes.com\/web\/2021\/11\/09\/propostes-de-lordre-del-dia-de-la-junta-de-govern-local-del-08-de-novembre-de-2021-amb-competencies-delegades-del-ple\/\" class=\"more-link\">Read More<\/a><\/p>\n","protected":false},"author":4,"featured_media":19837,"comment_status":"closed","ping_status":"closed","sticky":false,"template":"","format":"standard","meta":[],"categories":[3085,8,2250],"tags":[2866,4175,686,393],"_links":{"self":[{"href":"https:\/\/bisbalpenedes.com\/web\/wp-json\/wp\/v2\/posts\/19836"}],"collection":[{"href":"https:\/\/bisbalpenedes.com\/web\/wp-json\/wp\/v2\/posts"}],"about":[{"href":"https:\/\/bisbalpenedes.com\/web\/wp-json\/wp\/v2\/types\/post"}],"author":[{"embeddable":true,"href":"https:\/\/bisbalpenedes.com\/web\/wp-json\/wp\/v2\/users\/4"}],"replies":[{"embeddable":true,"href":"https:\/\/bisbalpenedes.com\/web\/wp-json\/wp\/v2\/comments?post=19836"}],"version-history":[{"count":1,"href":"https:\/\/bisbalpenedes.com\/web\/wp-json\/wp\/v2\/posts\/19836\/revisions"}],"predecessor-version":[{"id":19838,"href":"https:\/\/bisbalpenedes.com\/web\/wp-json\/wp\/v2\/posts\/19836\/revisions\/19838"}],"wp:featuredmedia":[{"embeddable":true,"href":"https:\/\/bisbalpenedes.com\/web\/wp-json\/wp\/v2\/media\/19837"}],"wp:attachment":[{"href":"https:\/\/bisbalpenedes.com\/web\/wp-json\/wp\/v2\/media?parent=19836"}],"wp:term":[{"taxonomy":"category","embeddable":true,"href":"https:\/\/bisbalpenedes.com\/web\/wp-json\/wp\/v2\/categories?post=19836"},{"taxonomy":"post_tag","embeddable":true,"href":"https:\/\/bisbalpenedes.com\/web\/wp-json\/wp\/v2\/tags?post=19836"}],"curies":[{"name":"wp","href":"https:\/\/api.w.org\/{rel}","templated":true}]}}