{"id":19829,"date":"2021-11-11T08:00:00","date_gmt":"2021-11-11T06:00:00","guid":{"rendered":"https:\/\/bisbalpenedes.com\/web\/?p=19829"},"modified":"2021-11-09T13:32:29","modified_gmt":"2021-11-09T11:32:29","slug":"entrevista-a-lalcaldessa-agnes-ferre-sobre-temes-municipals-al-programa-lull-al-dia","status":"publish","type":"post","link":"https:\/\/bisbalpenedes.com\/web\/2021\/11\/11\/entrevista-a-lalcaldessa-agnes-ferre-sobre-temes-municipals-al-programa-lull-al-dia\/","title":{"rendered":"Entrevista a l\u2019alcaldessa Agn\u00e8s Ferr\u00e9 sobre temes municipals al programa L\u2019Ull al dia"},"content":{"rendered":"\n<p>La periodista Sara Torremocha va entrevistar l\u2019alcaldessa de la Bisbal del Pened\u00e8s, Agn\u00e8s Ferr\u00e9, el passat 2 de novembre de 2021 en el marc del programa L\u2019ull al Dia (ETV). Durant la conversa van parlar de diversos temes que afecten el municipi: l\u2019afectaci\u00f3 de la pand\u00e8mia, la reactivaci\u00f3 del comer\u00e7 local, les subvencions del Pla d\u2019Acci\u00f3 Municipal de la Diputaci\u00f3 de Tarragona (com ara les reformes del local social de Can Gordei i del local social del Priorat de la Bisbal), les obres de la torre de la fassina i els locals per a la brigada, la l\u00ednia MAT o la commemoraci\u00f3 del Dia Mundial en record de les v\u00edctimes d\u2019accidents de tr\u00e0nsit, que tindr\u00e0 lloc el dia 21 de novembre.<\/p>\n\n\n\n<p>Podeu recuperar el programa aqu\u00ed:&nbsp;<a rel=\"noreferrer noopener\" href=\"https:\/\/etv.alacarta.cat\/l-ull-al-dia\/capitol\/02-11-21\" target=\"_blank\">https:\/\/etv.alacarta.cat\/l-ull-al-dia\/capitol\/02-11-21<\/a><\/p>\n\n\n\n<hr class=\"wp-block-separator\"\/>\n\n\n\n<p>La periodista Sara Torremocha entrevist\u00f3 a la alcaldesa de la Bisbal del Pened\u00e8s, Agn\u00e8s Ferr\u00e9, el pasado 2 de noviembre de 2021 en el marco del programa L\u2019ull al Dia (ETV). Durante la conversaci\u00f3n hablaron de varios temas que afectan al municipio: la afectaci\u00f3n de la pandemia, la reactivaci\u00f3n del comercio local, las subvenciones del Plan de Acci\u00f3n Municipal de la Diputaci\u00f3n de Tarragona (como por ejemplo las reformas del local social de Can Gordei y del local social del Priorat de la Bisbal), las obras de la torre de la \u2018fassina\u2019 y los locales para la brigada, la l\u00ednea MAT o la conmemoraci\u00f3n del D\u00eda Mundial en recuerdo de las v\u00edctimas de accidentes de tr\u00e1fico, que tendr\u00e1 lugar el d\u00eda 21 de noviembre.<\/p>\n\n\n\n<p>Pod\u00e9is recuperar el programa aqu\u00ed:&nbsp;<a href=\"https:\/\/etv.alacarta.cat\/l-ull-al-dia\/capitol\/02-11-21\">https:\/\/etv.<\/a><a rel=\"noreferrer noopener\" href=\"https:\/\/etv.alacarta.cat\/l-ull-al-dia\/capitol\/02-11-21\" target=\"_blank\">alacarta<\/a><a href=\"https:\/\/etv.alacarta.cat\/l-ull-al-dia\/capitol\/02-11-21\">.cat\/l-ull-al-dia\/capitol\/02-11-21<\/a><\/p>\n","protected":false},"excerpt":{"rendered":"<p>La periodista Sara Torremocha va entrevistar l\u2019alcaldessa de la Bisbal del Pened\u00e8s, Agn\u00e8s Ferr\u00e9, el passat 2 de novembre de 2021 en el marc del programa L\u2019ull al Dia (ETV). &hellip; <a href=\"https:\/\/bisbalpenedes.com\/web\/2021\/11\/11\/entrevista-a-lalcaldessa-agnes-ferre-sobre-temes-municipals-al-programa-lull-al-dia\/\" class=\"more-link\">Read More<\/a><\/p>\n","protected":false},"author":4,"featured_media":19831,"comment_status":"closed","ping_status":"closed","sticky":false,"template":"","format":"standard","meta":[],"categories":[2057,8],"tags":[1151,2092,2471,4877,393],"_links":{"self":[{"href":"https:\/\/bisbalpenedes.com\/web\/wp-json\/wp\/v2\/posts\/19829"}],"collection":[{"href":"https:\/\/bisbalpenedes.com\/web\/wp-json\/wp\/v2\/posts"}],"about":[{"href":"https:\/\/bisbalpenedes.com\/web\/wp-json\/wp\/v2\/types\/post"}],"author":[{"embeddable":true,"href":"https:\/\/bisbalpenedes.com\/web\/wp-json\/wp\/v2\/users\/4"}],"replies":[{"embeddable":true,"href":"https:\/\/bisbalpenedes.com\/web\/wp-json\/wp\/v2\/comments?post=19829"}],"version-history":[{"count":1,"href":"https:\/\/bisbalpenedes.com\/web\/wp-json\/wp\/v2\/posts\/19829\/revisions"}],"predecessor-version":[{"id":19832,"href":"https:\/\/bisbalpenedes.com\/web\/wp-json\/wp\/v2\/posts\/19829\/revisions\/19832"}],"wp:featuredmedia":[{"embeddable":true,"href":"https:\/\/bisbalpenedes.com\/web\/wp-json\/wp\/v2\/media\/19831"}],"wp:attachment":[{"href":"https:\/\/bisbalpenedes.com\/web\/wp-json\/wp\/v2\/media?parent=19829"}],"wp:term":[{"taxonomy":"category","embeddable":true,"href":"https:\/\/bisbalpenedes.com\/web\/wp-json\/wp\/v2\/categories?post=19829"},{"taxonomy":"post_tag","embeddable":true,"href":"https:\/\/bisbalpenedes.com\/web\/wp-json\/wp\/v2\/tags?post=19829"}],"curies":[{"name":"wp","href":"https:\/\/api.w.org\/{rel}","templated":true}]}}