{"id":19827,"date":"2021-11-08T12:02:33","date_gmt":"2021-11-08T10:02:33","guid":{"rendered":"https:\/\/bisbalpenedes.com\/web\/?p=19827"},"modified":"2021-11-08T12:02:33","modified_gmt":"2021-11-08T10:02:33","slug":"la-junta-de-govern-davui-dilluns-8-de-novembre-inclou-4-propostes-amb-competencies-delegades-del-ple","status":"publish","type":"post","link":"https:\/\/bisbalpenedes.com\/web\/2021\/11\/08\/la-junta-de-govern-davui-dilluns-8-de-novembre-inclou-4-propostes-amb-competencies-delegades-del-ple\/","title":{"rendered":"La Junta de Govern d\u2019avui dilluns 8 de novembre inclou 4 propostes amb compet\u00e8ncies delegades del Ple"},"content":{"rendered":"\n<p>La Junta de Govern d\u2019avui dilluns 8 de novembre inclou quatre propostes amb compet\u00e8ncia del Ple delegada a la Junta de Govern. S\u00f3n les seg\u00fcents:<\/p>\n\n\n\n<ul><li>Retirada del quart classificat del procediment de contractaci\u00f3 de les obres de la primera fase del poliesportiu municipal i petici\u00f3 de documentaci\u00f3 al cinqu\u00e8 classificat del procediment de contractaci\u00f3 de les obres de la primera fase del poliesportiu municipal.<\/li><li>Iniciar procediment de penalitzaci\u00f3, si s\u2019escau, a les primeres empreses en l\u2019adjudicaci\u00f3 de les obres de la primera fase del poliesportiu municipal (tres punts diferents de la Junta de Govern, un per empresa).<\/li><\/ul>\n\n\n\n<p>Les sessions de la Junta de Govern Local no s\u00f3n p\u00fabliques, per\u00f2 quan actua amb compet\u00e8ncies delegades del Ple, la sessi\u00f3 se sotmet als mateixos requisits de publicitat que les sessions del ple, que s\u00f3n p\u00fabliques. Aix\u00ed ho va declarar la STS 161\/2013, de 26 de setembre. Per aquest motiu a les 19:15h del dilluns 8 de novembre s\u2019obriran les portes de la sala de Plens perqu\u00e8 qui ho desitgi pugui assistir com a p\u00fablic durant l\u2019aprovaci\u00f3 d\u2019aquests punts de la Junta de Govern. Tot i que l\u2019aprovaci\u00f3 d\u2019aquests punts podr\u00e0 comptar amb la pres\u00e8ncia de p\u00fablic, tamb\u00e9 es gravaran aquests punts i es publicar\u00e0 el v\u00eddeo a Youtube per garantir la seva publicitat. Per tot plegat, els regidors de l\u2019oposici\u00f3 han rebut la informaci\u00f3 sobre aquestes propostes a la seva b\u00fastia de correu electr\u00f2nic.<\/p>\n\n\n\n<hr class=\"wp-block-separator\"\/>\n\n\n\n<p><strong>CASTELLANO |<\/strong> La Junta de Gobierno de hoy lunes 8 de noviembre incluye propuestas con competencia del Pleno delegada a la Junta de Gobierno. Son las siguientes:<\/p>\n\n\n\n<ul><li>Retirada del cuarto clasificado del procedimiento de contrataci\u00f3n de las obras de la primera fase del polideportivo municipal y petici\u00f3n de documentaci\u00f3n al quinto clasificado del procedimiento de contrataci\u00f3n de las obras de la primera fase del polideportivo municipal.<\/li><li>Iniciar procedimiento de penalizaci\u00f3n, si corresponde, a las primeras empresas en la adjudicaci\u00f3n de las obras de la primera fase del polideportivo municipal (tres puntos distintos de la Junta de Gobierno, uno por empresa).<\/li><\/ul>\n\n\n\n<p>Las sesiones de la Junta de Gobierno no son p\u00fablicas, pero cuando act\u00faa con competencias delegadas del Pleno, la sesi\u00f3n se somete a los mismos requisitos de publicidad que las sesiones del pleno, que son p\u00fablicas. As\u00ed lo declar\u00f3 la STS 161\/2013, del 26 de septiembre. Por este motivo a las 19:15h, del lunes 8 de noviembre se abrir\u00e1n las puertas de la sala de Plenos para que quien lo desee pueda asistir como p\u00fablico durante la aprobaci\u00f3n de estos puntos de la Junta de Gobierno. Aunque la aprobaci\u00f3n de estos puntos podr\u00e1 contar con la presencia de p\u00fablico, tambi\u00e9n se grabar\u00e1n estos puntos y se publicar\u00e1 el v\u00eddeo en Youtube para poder garantizar su publicidad. Por todo ello, los concejales de la oposici\u00f3n han recibido la informaci\u00f3n sobre estas propuestas en su buz\u00f3n de correo electr\u00f3nico.<\/p>\n","protected":false},"excerpt":{"rendered":"<p>La Junta de Govern d\u2019avui dilluns 8 de novembre inclou quatre propostes amb compet\u00e8ncia del Ple delegada a la Junta de Govern. S\u00f3n les seg\u00fcents: Retirada del quart classificat del &hellip; <a href=\"https:\/\/bisbalpenedes.com\/web\/2021\/11\/08\/la-junta-de-govern-davui-dilluns-8-de-novembre-inclou-4-propostes-amb-competencies-delegades-del-ple\/\" class=\"more-link\">Read More<\/a><\/p>\n","protected":false},"author":4,"featured_media":19747,"comment_status":"closed","ping_status":"closed","sticky":false,"template":"","format":"standard","meta":[],"categories":[3085,8,2250],"tags":[4175,686,393],"_links":{"self":[{"href":"https:\/\/bisbalpenedes.com\/web\/wp-json\/wp\/v2\/posts\/19827"}],"collection":[{"href":"https:\/\/bisbalpenedes.com\/web\/wp-json\/wp\/v2\/posts"}],"about":[{"href":"https:\/\/bisbalpenedes.com\/web\/wp-json\/wp\/v2\/types\/post"}],"author":[{"embeddable":true,"href":"https:\/\/bisbalpenedes.com\/web\/wp-json\/wp\/v2\/users\/4"}],"replies":[{"embeddable":true,"href":"https:\/\/bisbalpenedes.com\/web\/wp-json\/wp\/v2\/comments?post=19827"}],"version-history":[{"count":1,"href":"https:\/\/bisbalpenedes.com\/web\/wp-json\/wp\/v2\/posts\/19827\/revisions"}],"predecessor-version":[{"id":19828,"href":"https:\/\/bisbalpenedes.com\/web\/wp-json\/wp\/v2\/posts\/19827\/revisions\/19828"}],"wp:featuredmedia":[{"embeddable":true,"href":"https:\/\/bisbalpenedes.com\/web\/wp-json\/wp\/v2\/media\/19747"}],"wp:attachment":[{"href":"https:\/\/bisbalpenedes.com\/web\/wp-json\/wp\/v2\/media?parent=19827"}],"wp:term":[{"taxonomy":"category","embeddable":true,"href":"https:\/\/bisbalpenedes.com\/web\/wp-json\/wp\/v2\/categories?post=19827"},{"taxonomy":"post_tag","embeddable":true,"href":"https:\/\/bisbalpenedes.com\/web\/wp-json\/wp\/v2\/tags?post=19827"}],"curies":[{"name":"wp","href":"https:\/\/api.w.org\/{rel}","templated":true}]}}