{"id":19800,"date":"2021-11-05T18:59:36","date_gmt":"2021-11-05T16:59:36","guid":{"rendered":"https:\/\/bisbalpenedes.com\/web\/?p=19800"},"modified":"2021-11-05T19:00:05","modified_gmt":"2021-11-05T17:00:05","slug":"avis-aqualia-tallara-el-cami-del-gosch-el-proper-dilluns-8-de-novembre-de-8-a-13h","status":"publish","type":"post","link":"https:\/\/bisbalpenedes.com\/web\/2021\/11\/05\/avis-aqualia-tallara-el-cami-del-gosch-el-proper-dilluns-8-de-novembre-de-8-a-13h\/","title":{"rendered":"Av\u00eds: Aqualia tallar\u00e0 el cam\u00ed del Gosch el proper dilluns 8 de novembre de 8 a 13h"},"content":{"rendered":"\n<p>Aqualia ens ha informat que el proper dilluns 8 de novembre procedir\u00e0 a tallar l&#8217;acc\u00e9s al Cam\u00ed del Gosch, entre les 8 i les 13h, per poder fer treballs de desc\u00e0rrega de camions. L&#8217;empresa ens ha fet arribar aquesta imatge on es mostra el tram que es tallar\u00e0. Disculpeu les mol\u00e8sties.<\/p>\n\n\n\n<hr class=\"wp-block-separator\"\/>\n\n\n\n<p>Aqualia nos ha informado de que el pr\u00f3ximo lunes 8 de noviembre proceder\u00e1 a cortar el acceso al Cam\u00ed del Gosch, entre las 8 y las 13h, para poder realizar trabajos de descarga de camiones. La empresa nos ha hecho llegar esta imagen en la que se muestra el tramo de se cortar\u00e1. Disculpad las molestias.<\/p>\n","protected":false},"excerpt":{"rendered":"<p>Aqualia ens ha informat que el proper dilluns 8 de novembre procedir\u00e0 a tallar l&#8217;acc\u00e9s al Cam\u00ed del Gosch, entre les 8 i les 13h, per poder fer treballs de &hellip; <a href=\"https:\/\/bisbalpenedes.com\/web\/2021\/11\/05\/avis-aqualia-tallara-el-cami-del-gosch-el-proper-dilluns-8-de-novembre-de-8-a-13h\/\" class=\"more-link\">Read More<\/a><\/p>\n","protected":false},"author":4,"featured_media":19801,"comment_status":"closed","ping_status":"closed","sticky":false,"template":"","format":"standard","meta":[],"categories":[1628,8],"tags":[4613,4875,3000],"_links":{"self":[{"href":"https:\/\/bisbalpenedes.com\/web\/wp-json\/wp\/v2\/posts\/19800"}],"collection":[{"href":"https:\/\/bisbalpenedes.com\/web\/wp-json\/wp\/v2\/posts"}],"about":[{"href":"https:\/\/bisbalpenedes.com\/web\/wp-json\/wp\/v2\/types\/post"}],"author":[{"embeddable":true,"href":"https:\/\/bisbalpenedes.com\/web\/wp-json\/wp\/v2\/users\/4"}],"replies":[{"embeddable":true,"href":"https:\/\/bisbalpenedes.com\/web\/wp-json\/wp\/v2\/comments?post=19800"}],"version-history":[{"count":2,"href":"https:\/\/bisbalpenedes.com\/web\/wp-json\/wp\/v2\/posts\/19800\/revisions"}],"predecessor-version":[{"id":19803,"href":"https:\/\/bisbalpenedes.com\/web\/wp-json\/wp\/v2\/posts\/19800\/revisions\/19803"}],"wp:featuredmedia":[{"embeddable":true,"href":"https:\/\/bisbalpenedes.com\/web\/wp-json\/wp\/v2\/media\/19801"}],"wp:attachment":[{"href":"https:\/\/bisbalpenedes.com\/web\/wp-json\/wp\/v2\/media?parent=19800"}],"wp:term":[{"taxonomy":"category","embeddable":true,"href":"https:\/\/bisbalpenedes.com\/web\/wp-json\/wp\/v2\/categories?post=19800"},{"taxonomy":"post_tag","embeddable":true,"href":"https:\/\/bisbalpenedes.com\/web\/wp-json\/wp\/v2\/tags?post=19800"}],"curies":[{"name":"wp","href":"https:\/\/api.w.org\/{rel}","templated":true}]}}