{"id":19796,"date":"2021-11-04T15:43:40","date_gmt":"2021-11-04T13:43:40","guid":{"rendered":"https:\/\/bisbalpenedes.com\/web\/?p=19796"},"modified":"2021-11-04T15:43:40","modified_gmt":"2021-11-04T13:43:40","slug":"comenca-el-periode-de-presentacio-de-propostes-per-al-procediment-de-concurs-del-servei-de-bar-i-botiga-del-local-social-de-can-gordei-2","status":"publish","type":"post","link":"https:\/\/bisbalpenedes.com\/web\/2021\/11\/04\/comenca-el-periode-de-presentacio-de-propostes-per-al-procediment-de-concurs-del-servei-de-bar-i-botiga-del-local-social-de-can-gordei-2\/","title":{"rendered":"Comen\u00e7a el per\u00edode de presentaci\u00f3 de propostes per al procediment de concurs del servei de bar i botiga del local social de Can Gordei"},"content":{"rendered":"\n<p>El divendres 5 de novembre s\u2019obre el termini per presentar propostes per al procediment de concurs del servei de bar i botiga del local social de Can Gordei. El termini estar\u00e0 obert del 5 de novembre al 18 de novembre de 2021 a les 14h.<\/p>\n\n\n\n<p>El plec de cl\u00e0usules amb tota la informaci\u00f3 i les condicions per presentar-se a la licitaci\u00f3 es pot consultar en aquest enlla\u00e7 al Perfil del Contractant: <a href=\"https:\/\/contractaciopublica.gencat.cat\/ecofin_pscp\/AppJava\/notice.pscp?reqCode=viewCn&amp;idDoc=90678174&amp;lawType=\">https:\/\/contractaciopublica.gencat.cat\/ecofin_pscp\/AppJava\/notice.pscp?reqCode=viewCn&amp;idDoc=90678174&amp;lawType=<\/a> &nbsp;A l\u2019enlla\u00e7 tamb\u00e9 trobareu la informaci\u00f3 sobre com es valoraran les propostes presentades.<\/p>\n\n\n\n<p>Aquesta licitaci\u00f3 \u00e9s per gestionar el bar i la botiga del local social de Can Gordei per un termini de dos anys, prorrogables a un any m\u00e9s i l\u2019import de sortida del lloguer del bar i la botiga \u00e9s del 300\u20ac mensuals (IVA excl\u00f2s). Tota la documentaci\u00f3 s\u2019haur\u00e0 d\u2019entrar per registre a l\u2019Ajuntament de la Bisbal del Pened\u00e8s en tres sobres, tal com especifiquen els plecs de cl\u00e0usules. A m\u00e9s, l\u2019adjudicatari haur\u00e0 d\u2019aportar una garantia equivalent a dues mensualitats.<\/p>\n\n\n\n<p>Els interessats trobaran els impresos a omplir i tota la informaci\u00f3 a l\u2019Ajuntament de la Bisbal. Per a qualsevol dubte o aclariment us podeu adre\u00e7ar al correu electr\u00f2nic <a href=\"mailto:agnes@bisbalpenedes.com\">agnes@bisbalpenedes.com<\/a> o al Whatsapp 684 41 68 43.<\/p>\n\n\n\n<hr class=\"wp-block-separator\"\/>\n\n\n\n<p><strong>CASTELLANO |<\/strong>&nbsp;El viernes 5 de noviembre se abre el plazo para presentar propuestas para el procedimiento de concurso del servicio de bar y tienda del local social de Can Gordei. El plazo estar\u00e1 abierto del 5 de noviembre al 18 de noviembre de 2021 a las 14h.<\/p>\n\n\n\n<p>El pliego de cl\u00e1usulas con toda la informaci\u00f3n y las condiciones para presentarse a la licitaci\u00f3n se puede consultar en este enlace al Perfil del Contratante: <a href=\"https:\/\/contractaciopublica.gencat.cat\/ecofin_pscp\/AppJava\/notice.pscp?reqCode=viewCn&amp;idDoc=90678174&amp;lawType=\">https:\/\/contractaciopublica.gencat.cat\/ecofin_pscp\/AppJava\/notice.pscp?reqCode=viewCn&amp;idDoc=90678174&amp;lawType=<\/a> En el enlace tambi\u00e9n encontrar\u00e9is la informaci\u00f3n sobre c\u00f3mo se valorar\u00e1n las propuestas presentadas.<\/p>\n\n\n\n<p>Esta licitaci\u00f3n es para gestionar el bar y la tienda del local social de Can Gordei por un periodo de dos a\u00f1os, prorrogables a un a\u00f1o m\u00e1s y el importe de salida del alquiler del bar y la tienda es de 300\u20ac mensuales (IVA excluido). Toda la documentaci\u00f3n se deber\u00e1 entrar por registro en el Ayuntamiento de la Bisbal del Pened\u00e8s en tres sobres, tal como especifican los pliegos de cl\u00e1usulas. Adem\u00e1s, el adjudicatario tendr\u00e1 que aportar una garant\u00eda equivalente a dos mensualidades.<\/p>\n\n\n\n<p>Los interesados encontrar\u00e1n los impresos a rellenar y toda la informaci\u00f3n en el Ayuntamiento de la Bisbal del Pened\u00e8s. Para cualquier duda o aclaraci\u00f3n os pod\u00e9is dirigir al correo electr\u00f3nico <a href=\"mailto:agnes@bisbalpenedes.com\">agnes@bisbalpenedes.com<\/a> o al Whatsapp 684 41 68 43.<\/p>\n","protected":false},"excerpt":{"rendered":"<p>El divendres 5 de novembre s\u2019obre el termini per presentar propostes per al procediment de concurs del servei de bar i botiga del local social de Can Gordei. El termini &hellip; <a href=\"https:\/\/bisbalpenedes.com\/web\/2021\/11\/04\/comenca-el-periode-de-presentacio-de-propostes-per-al-procediment-de-concurs-del-servei-de-bar-i-botiga-del-local-social-de-can-gordei-2\/\" class=\"more-link\">Read More<\/a><\/p>\n","protected":false},"author":4,"featured_media":19797,"comment_status":"closed","ping_status":"closed","sticky":false,"template":"","format":"standard","meta":[],"categories":[4287,8],"tags":[198,393,267,247],"_links":{"self":[{"href":"https:\/\/bisbalpenedes.com\/web\/wp-json\/wp\/v2\/posts\/19796"}],"collection":[{"href":"https:\/\/bisbalpenedes.com\/web\/wp-json\/wp\/v2\/posts"}],"about":[{"href":"https:\/\/bisbalpenedes.com\/web\/wp-json\/wp\/v2\/types\/post"}],"author":[{"embeddable":true,"href":"https:\/\/bisbalpenedes.com\/web\/wp-json\/wp\/v2\/users\/4"}],"replies":[{"embeddable":true,"href":"https:\/\/bisbalpenedes.com\/web\/wp-json\/wp\/v2\/comments?post=19796"}],"version-history":[{"count":1,"href":"https:\/\/bisbalpenedes.com\/web\/wp-json\/wp\/v2\/posts\/19796\/revisions"}],"predecessor-version":[{"id":19798,"href":"https:\/\/bisbalpenedes.com\/web\/wp-json\/wp\/v2\/posts\/19796\/revisions\/19798"}],"wp:featuredmedia":[{"embeddable":true,"href":"https:\/\/bisbalpenedes.com\/web\/wp-json\/wp\/v2\/media\/19797"}],"wp:attachment":[{"href":"https:\/\/bisbalpenedes.com\/web\/wp-json\/wp\/v2\/media?parent=19796"}],"wp:term":[{"taxonomy":"category","embeddable":true,"href":"https:\/\/bisbalpenedes.com\/web\/wp-json\/wp\/v2\/categories?post=19796"},{"taxonomy":"post_tag","embeddable":true,"href":"https:\/\/bisbalpenedes.com\/web\/wp-json\/wp\/v2\/tags?post=19796"}],"curies":[{"name":"wp","href":"https:\/\/api.w.org\/{rel}","templated":true}]}}