{"id":19790,"date":"2021-11-04T14:24:11","date_gmt":"2021-11-04T12:24:11","guid":{"rendered":"https:\/\/bisbalpenedes.com\/web\/?p=19790"},"modified":"2021-11-04T14:25:33","modified_gmt":"2021-11-04T12:25:33","slug":"el-diumenge-28-de-novembre-projectarem-la-pellicula-donde-caben-dos-del-cicle-gaudi-al-cmc","status":"publish","type":"post","link":"https:\/\/bisbalpenedes.com\/web\/2021\/11\/04\/el-diumenge-28-de-novembre-projectarem-la-pellicula-donde-caben-dos-del-cicle-gaudi-al-cmc\/","title":{"rendered":"El diumenge 28 de novembre projectarem la pel\u00b7l\u00edcula \u2018Donde caben dos\u201d del Cicle Gaud\u00ed al CMC"},"content":{"rendered":"\n<p>El proper diumenge 28 de novembre, a les 18h, projectarem la pel\u00b7l\u00edcula \u201cDonde caben dos\u201d del Cicle Gaud\u00ed al Centre Municipal de Cultura. El preu general de l\u2019entrada \u00e9s de 4,5\u20ac i s\u2019ofereix un preu redu\u00eft de 3\u20ac presentant el carnet de la Biblioteca Municipal de la Bisbal.<\/p>\n\n\n\n<p>Quant a la recaptaci\u00f3, aquesta es destinar\u00e0 a l\u2019entitat del poble que gestioni la venda d\u2019entrades en cada projecci\u00f3, en aquest cas se n\u2019ocuparan els Geganters \u00a0i Grallers de la Societat Cultural i Recreativa Bisbalenca.<\/p>\n\n\n\n<figure class=\"wp-block-embed is-type-video is-provider-youtube wp-block-embed-youtube wp-embed-aspect-16-9 wp-has-aspect-ratio\"><div class=\"wp-block-embed__wrapper\">\n<iframe loading=\"lazy\" title=\"Cicle Gaud\u00ed: &quot;Donde caben dos&quot;\" width=\"1170\" height=\"658\" src=\"https:\/\/www.youtube.com\/embed\/nhRx-w5Xs2w?feature=oembed\" frameborder=\"0\" allow=\"accelerometer; autoplay; clipboard-write; encrypted-media; gyroscope; picture-in-picture\" allowfullscreen><\/iframe>\n<\/div><\/figure>\n\n\n\n<p><strong>FITXA T\u00c8CNICA<\/strong><\/p>\n\n\n\n<p>Direcci\u00f3: Paco Caballero<\/p>\n\n\n\n<p>Gui\u00f3: Paco Caballero, Daniel Gonz\u00e1lez, Eric Navarro, Eduard Sola<\/p>\n\n\n\n<p>Direcci\u00f3 de fotografia: David Valldep\u00e9rez<\/p>\n\n\n\n<p>Estrena: Juliol 2021<\/p>\n\n\n\n<p>Durada: 108 min.<\/p>\n\n\n\n<p>G\u00e8nere: Com\u00e8dia<\/p>\n\n\n\n<p>Int\u00e8rprets: Ernesto Alterio, Ra\u00fal Ar\u00e9valo, Luis Callejo, Anna Castillo, Carlos Cuevas, Ver\u00f3nica Echegui, Miki Esparb\u00e9, Ricardo G\u00f3mez, Mar\u00eda Le\u00f3n, Melina Matthews, Ana Mill\u00e1n, Mar\u00eda Morales, Jorge Suquet, Aixa Villagr\u00e1n, Adri\u00e1 Collado, Melani Olivares, \u00c0ngela Cervantes, Ra\u00fal Prieto, Alejandro Tous.<\/p>\n\n\n\n<p><strong>SINOPSI<\/strong><\/p>\n\n\n\n<p>Una parella atrapada en la rutina, un jove desenganyat de la seva \u00faltima relaci\u00f3 amorosa, una n\u00favia desesperada, dos cosins separats des del seu \u00faltim estiu al poble, un grup d\u2019amics amb ganes d\u2019experimentar&#8230; Durant una nit, tots ells viuran situacions d\u2019all\u00f2 m\u00e9s picants en les quals mai haguessin pensat trobar-se.<\/p>\n\n\n\n<hr class=\"wp-block-separator\"\/>\n\n\n\n<p><strong>CASTELLANO |<\/strong> El pr\u00f3ximo domingo 28 de noviembre, a las 18h, proyectaremos la pel\u00edcula \u201cDonde caben dos\u201d del Cicle Gaud\u00ed en el Centre Municipal de Cultura. El precio general de la entrada es de 4,5\u20ac y se ofrece un precio reducido de 3\u20ac presentando el carn\u00e9 de la Biblioteca Municipal de la Bisbal.<\/p>\n\n\n\n<p>En cuanto a la recaudaci\u00f3n, esta se destinar\u00e1 a la entidad del pueblo que gestione la venta de entradas en cada proyecci\u00f3n, en este caso ir\u00e1 a cargo de los Geganters y Grallers de la Societat Cultural i Recreativa Bisbalenca.<\/p>\n\n\n\n<figure class=\"wp-block-embed is-type-video is-provider-youtube wp-block-embed-youtube wp-embed-aspect-16-9 wp-has-aspect-ratio\"><div class=\"wp-block-embed__wrapper\">\n<iframe loading=\"lazy\" title=\"Cicle Gaud\u00ed: &quot;Donde caben dos&quot;\" width=\"1170\" height=\"658\" src=\"https:\/\/www.youtube.com\/embed\/nhRx-w5Xs2w?feature=oembed\" frameborder=\"0\" allow=\"accelerometer; autoplay; clipboard-write; encrypted-media; gyroscope; picture-in-picture\" allowfullscreen><\/iframe>\n<\/div><\/figure>\n\n\n\n<p><strong>FICHA T\u00c9CNICA<\/strong><\/p>\n\n\n\n<p>Direcci\u00f3n: Paco Caballer<\/p>\n\n\n\n<p>Guion: Paco Caballero, Daniel Gonz\u00e1lez, Eric Navarro, Eduard Sola<\/p>\n\n\n\n<p>Direcci\u00f3n de fotograf\u00eda: David Valldep\u00e9rez<\/p>\n\n\n\n<p>Estreno: Julio 2021<\/p>\n\n\n\n<p>Duraci\u00f3n: 108 min.<\/p>\n\n\n\n<p>G\u00e9nero: Comedia<\/p>\n\n\n\n<p>Int\u00e9rpretes: Ernesto Alterio, Ra\u00fal Ar\u00e9valo, Luis Callejo, Anna Castillo, Carlos Cuevas, Ver\u00f3nica Echegui, Miki Esparb\u00e9, Ricardo G\u00f3mez, Mar\u00eda Le\u00f3n, Melina Matthews, Ana Mill\u00e1n, Mar\u00eda Morales, Jorge Suquet, Aixa Villagr\u00e1n, Adri\u00e1 Collado, Melani Olivares, \u00c0ngela Cervantes, Ra\u00fal Prieto, Alejandro Tous.<\/p>\n\n\n\n<p><strong>SINOPSIS<\/strong><\/p>\n\n\n\n<p>Una pareja atrapada en la rutina, un joven desenga\u00f1ado de su \u00faltima relaci\u00f3n amorosa, una novia desesperada, dos primos separados desde su \u00faltimo verano en el pueblo, un grupo de amigos con ganas de experimentar&#8230; Durante una noche, todos ellos vivir\u00e1n situaciones muy picantes en las que nunca hubiesen pensado que se encontrar\u00edan.<\/p>\n","protected":false},"excerpt":{"rendered":"<p>El proper diumenge 28 de novembre, a les 18h, projectarem la pel\u00b7l\u00edcula \u201cDonde caben dos\u201d del Cicle Gaud\u00ed al Centre Municipal de Cultura. El preu general de l\u2019entrada \u00e9s de &hellip; <a href=\"https:\/\/bisbalpenedes.com\/web\/2021\/11\/04\/el-diumenge-28-de-novembre-projectarem-la-pellicula-donde-caben-dos-del-cicle-gaudi-al-cmc\/\" class=\"more-link\">Read More<\/a><\/p>\n","protected":false},"author":4,"featured_media":19791,"comment_status":"closed","ping_status":"closed","sticky":false,"template":"","format":"standard","meta":[],"categories":[2942,13,8],"tags":[308,307,4873],"_links":{"self":[{"href":"https:\/\/bisbalpenedes.com\/web\/wp-json\/wp\/v2\/posts\/19790"}],"collection":[{"href":"https:\/\/bisbalpenedes.com\/web\/wp-json\/wp\/v2\/posts"}],"about":[{"href":"https:\/\/bisbalpenedes.com\/web\/wp-json\/wp\/v2\/types\/post"}],"author":[{"embeddable":true,"href":"https:\/\/bisbalpenedes.com\/web\/wp-json\/wp\/v2\/users\/4"}],"replies":[{"embeddable":true,"href":"https:\/\/bisbalpenedes.com\/web\/wp-json\/wp\/v2\/comments?post=19790"}],"version-history":[{"count":3,"href":"https:\/\/bisbalpenedes.com\/web\/wp-json\/wp\/v2\/posts\/19790\/revisions"}],"predecessor-version":[{"id":19794,"href":"https:\/\/bisbalpenedes.com\/web\/wp-json\/wp\/v2\/posts\/19790\/revisions\/19794"}],"wp:featuredmedia":[{"embeddable":true,"href":"https:\/\/bisbalpenedes.com\/web\/wp-json\/wp\/v2\/media\/19791"}],"wp:attachment":[{"href":"https:\/\/bisbalpenedes.com\/web\/wp-json\/wp\/v2\/media?parent=19790"}],"wp:term":[{"taxonomy":"category","embeddable":true,"href":"https:\/\/bisbalpenedes.com\/web\/wp-json\/wp\/v2\/categories?post=19790"},{"taxonomy":"post_tag","embeddable":true,"href":"https:\/\/bisbalpenedes.com\/web\/wp-json\/wp\/v2\/tags?post=19790"}],"curies":[{"name":"wp","href":"https:\/\/api.w.org\/{rel}","templated":true}]}}