{"id":19786,"date":"2021-11-04T12:59:20","date_gmt":"2021-11-04T10:59:20","guid":{"rendered":"https:\/\/bisbalpenedes.com\/web\/?p=19786"},"modified":"2021-11-04T12:59:20","modified_gmt":"2021-11-04T10:59:20","slug":"avis-de-la-generalitat-de-catalunya-sobre-una-plaga-de-linsecte-bernat-marbrejat-halyomorpha-halys","status":"publish","type":"post","link":"https:\/\/bisbalpenedes.com\/web\/2021\/11\/04\/avis-de-la-generalitat-de-catalunya-sobre-una-plaga-de-linsecte-bernat-marbrejat-halyomorpha-halys\/","title":{"rendered":"Av\u00eds de la Generalitat de Catalunya sobre una plaga de l&#8217;insecte &#8220;Bernat Marbrejat&#8221; (Halyomorpha halys)"},"content":{"rendered":"\n<p>El Departament d\u2019Agricultura, Ramaderia, Pesca i Alimentaci\u00f3 de la Generalitat de Catalunya ens ha informat que hi ha una plaga de l\u2019insecte \u201cBernat Marbrejat\u201d (Halyomorpha halys) i ens ha fet arribar aquesta infografia informativa sobre l\u2019insecte. Esperem que sigui de la vostra utilitat. Per a m\u00e9s informaci\u00f3 podeu accedir a l\u2019enlla\u00e7: <a href=\"http:\/\/agricultura.gencat.cat\/ca\/ambits\/agricultura\/dar_sanitat_vegetal_nou\/dar_plagues_males_herbes\/dar_plagues\/insectes\/halyomorpha-halys\">http:\/\/agricultura.gencat.cat\/ca\/ambits\/agricultura\/dar_sanitat_vegetal_nou\/dar_plagues_males_herbes\/dar_plagues\/insectes\/halyomorpha-halys<\/a><\/p>\n\n\n\n<hr class=\"wp-block-separator\"\/>\n\n\n\n<p>El Departamento de Agricultura, Ganader\u00eda, Pesca y Alimentaci\u00f3n de la Generalitat de Catalunya nos ha informado de que hay una plaga del insecto \u201cBernat Marbrejat\u201d (Halyomorpha halys) y nos ha hecho llegar esta infograf\u00eda informativa sobre el insecto. Esperamos que os sea de utilidad. Para m\u00e1s informaci\u00f3n pod\u00e9is acceder al enlace: <a href=\"http:\/\/agricultura.gencat.cat\/ca\/ambits\/agricultura\/dar_sanitat_vegetal_nou\/dar_plagues_males_herbes\/dar_plagues\/insectes\/halyomorpha-halys\">http:\/\/agricultura.gencat.cat\/ca\/ambits\/agricultura\/dar_sanitat_vegetal_nou\/dar_plagues_males_herbes\/dar_plagues\/insectes\/halyomorpha-halys<\/a><\/p>\n","protected":false},"excerpt":{"rendered":"<p>El Departament d\u2019Agricultura, Ramaderia, Pesca i Alimentaci\u00f3 de la Generalitat de Catalunya ens ha informat que hi ha una plaga de l\u2019insecte \u201cBernat Marbrejat\u201d (Halyomorpha halys) i ens ha fet &hellip; <a href=\"https:\/\/bisbalpenedes.com\/web\/2021\/11\/04\/avis-de-la-generalitat-de-catalunya-sobre-una-plaga-de-linsecte-bernat-marbrejat-halyomorpha-halys\/\" class=\"more-link\">Read More<\/a><\/p>\n","protected":false},"author":4,"featured_media":19787,"comment_status":"closed","ping_status":"closed","sticky":false,"template":"","format":"standard","meta":[],"categories":[1628,8],"tags":[4871,4870,4872],"_links":{"self":[{"href":"https:\/\/bisbalpenedes.com\/web\/wp-json\/wp\/v2\/posts\/19786"}],"collection":[{"href":"https:\/\/bisbalpenedes.com\/web\/wp-json\/wp\/v2\/posts"}],"about":[{"href":"https:\/\/bisbalpenedes.com\/web\/wp-json\/wp\/v2\/types\/post"}],"author":[{"embeddable":true,"href":"https:\/\/bisbalpenedes.com\/web\/wp-json\/wp\/v2\/users\/4"}],"replies":[{"embeddable":true,"href":"https:\/\/bisbalpenedes.com\/web\/wp-json\/wp\/v2\/comments?post=19786"}],"version-history":[{"count":1,"href":"https:\/\/bisbalpenedes.com\/web\/wp-json\/wp\/v2\/posts\/19786\/revisions"}],"predecessor-version":[{"id":19788,"href":"https:\/\/bisbalpenedes.com\/web\/wp-json\/wp\/v2\/posts\/19786\/revisions\/19788"}],"wp:featuredmedia":[{"embeddable":true,"href":"https:\/\/bisbalpenedes.com\/web\/wp-json\/wp\/v2\/media\/19787"}],"wp:attachment":[{"href":"https:\/\/bisbalpenedes.com\/web\/wp-json\/wp\/v2\/media?parent=19786"}],"wp:term":[{"taxonomy":"category","embeddable":true,"href":"https:\/\/bisbalpenedes.com\/web\/wp-json\/wp\/v2\/categories?post=19786"},{"taxonomy":"post_tag","embeddable":true,"href":"https:\/\/bisbalpenedes.com\/web\/wp-json\/wp\/v2\/tags?post=19786"}],"curies":[{"name":"wp","href":"https:\/\/api.w.org\/{rel}","templated":true}]}}