{"id":19783,"date":"2021-11-08T11:22:38","date_gmt":"2021-11-08T09:22:38","guid":{"rendered":"https:\/\/bisbalpenedes.com\/web\/?p=19783"},"modified":"2021-11-08T11:22:38","modified_gmt":"2021-11-08T09:22:38","slug":"el-nou-servei-de-bus-urba-i-comarcal-es-tot-un-exit-lalcaldessa-de-la-bisbal-del-penedes-fa-un-balanc-molt-positiu-del-nou-servei-de-bus-del-municipi","status":"publish","type":"post","link":"https:\/\/bisbalpenedes.com\/web\/2021\/11\/08\/el-nou-servei-de-bus-urba-i-comarcal-es-tot-un-exit-lalcaldessa-de-la-bisbal-del-penedes-fa-un-balanc-molt-positiu-del-nou-servei-de-bus-del-municipi\/","title":{"rendered":"\u201cEl nou servei de bus urb\u00e0 i comarcal \u00e9s tot un \u00e8xit\u201d &#8211; L\u2019alcaldessa de la Bisbal del Pened\u00e8s fa un balan\u00e7 molt positiu del nou servei de bus del municipi"},"content":{"rendered":"\n<p>El nou servei de bus urb\u00e0 ha transportat un total de 1.001 usuaris\/usu\u00e0ries aquest mes d\u2019octubre. L\u2019alcaldessa de la Bisbal del Pened\u00e8s, Agn\u00e8s Ferr\u00e9, considera que \u201cel nou servei de bus urb\u00e0 i comarcal \u00e9s tot un \u00e8xit. Aquest mes d\u2019octubre s\u2019han despla\u00e7at amb aquest servei un miler de viatgers, una xifra mai aconseguida d\u2019en\u00e7\u00e0 que hi ha bus urb\u00e0 al municipi\u201d.<\/p>\n\n\n\n<p>El nou servei de bus es va posar en marxa el passat mes de maig i ha perm\u00e8s comunicar tots els barris del municipi amb la capital de comarca, El Vendrell.<\/p>\n\n\n\n<figure class=\"wp-block-table\"><table><tbody><tr><td class=\"has-text-align-center\" data-align=\"center\"><strong>ANY<\/strong><\/td><td class=\"has-text-align-center\" data-align=\"center\"><strong>Viatgers al setembre<\/strong><\/td><td class=\"has-text-align-center\" data-align=\"center\"><strong>Viatgers a l\u2019octubre<\/strong><\/td><\/tr><tr><td class=\"has-text-align-center\" data-align=\"center\"><strong>2019<\/strong><\/td><td class=\"has-text-align-center\" data-align=\"center\">443<\/td><td class=\"has-text-align-center\" data-align=\"center\">750<\/td><\/tr><tr><td class=\"has-text-align-center\" data-align=\"center\"><strong>2020<\/strong><\/td><td class=\"has-text-align-center\" data-align=\"center\">589<\/td><td class=\"has-text-align-center\" data-align=\"center\">702<\/td><\/tr><tr><td class=\"has-text-align-center\" data-align=\"center\"><strong>2021<\/strong><\/td><td class=\"has-text-align-center\" data-align=\"center\">795<\/td><td class=\"has-text-align-center\" data-align=\"center\">1.001<\/td><\/tr><\/tbody><\/table><figcaption>Dades de la Regidoria de Mobilitat de l\u2019Ajuntament de la Bisbal del Pened\u00e8s<\/figcaption><\/figure>\n\n\n\n<p>Podeu consultar els horaris del servei aqu\u00ed: <a href=\"https:\/\/bisbalpenedes.com\/web\/transports\/\">https:\/\/bisbalpenedes.com\/web\/transports\/<\/a><\/p>\n\n\n\n<hr class=\"wp-block-separator\"\/>\n\n\n\n<p><strong>CASTELLANO |<\/strong>&nbsp;El nuevo servicio de bus urbano ha transportado a un total de 1.001 usuarios\/usuarias este mes de octubre. La alcaldesa de la Bisbal del Pened\u00e8s, Agn\u00e8s Ferr\u00e9, considera que \u201cel nuevo servicio de bus urbano y comarcal es todo un \u00e9xito. Este mes de octubre se han desplazado con este servicio un millar de viajeros, una cifra nunca conseguida desde que hay bus urbano en el municipio\u201d.<\/p>\n\n\n\n<p>El nuevo servicio de bus se puso en marcha el pasado mes de mayo y ha permitido comunicar todos los barrios del municipio con la capital de comarca, El Vendrell.<\/p>\n\n\n\n<figure class=\"wp-block-table\"><table><tbody><tr><td class=\"has-text-align-center\" data-align=\"center\"><strong>A\u00d1O<\/strong><\/td><td class=\"has-text-align-center\" data-align=\"center\"><strong>Viajeros en septiembre<\/strong><\/td><td class=\"has-text-align-center\" data-align=\"center\"><strong>Viajeros en octubre<\/strong><\/td><\/tr><tr><td class=\"has-text-align-center\" data-align=\"center\"><strong>2019<\/strong><\/td><td class=\"has-text-align-center\" data-align=\"center\">443<\/td><td class=\"has-text-align-center\" data-align=\"center\">750<\/td><\/tr><tr><td class=\"has-text-align-center\" data-align=\"center\"><strong>2020<\/strong><\/td><td class=\"has-text-align-center\" data-align=\"center\">589<\/td><td class=\"has-text-align-center\" data-align=\"center\">702<\/td><\/tr><tr><td class=\"has-text-align-center\" data-align=\"center\"><strong>2021<\/strong><\/td><td class=\"has-text-align-center\" data-align=\"center\">795<\/td><td class=\"has-text-align-center\" data-align=\"center\">1.001<\/td><\/tr><\/tbody><\/table><figcaption>Datos de la Concejal\u00eda de Movilidad del Ayuntamiento de la Bisbal del Pened\u00e8s<\/figcaption><\/figure>\n\n\n\n<p>Pod\u00e9is consultar los horarios del servicio aqu\u00ed: <a href=\"https:\/\/bisbalpenedes.com\/web\/transports\/\">https:\/\/bisbalpenedes.com\/web\/transports\/<\/a><\/p>\n","protected":false},"excerpt":{"rendered":"<p>El nou servei de bus urb\u00e0 ha transportat un total de 1.001 usuaris\/usu\u00e0ries aquest mes d\u2019octubre. L\u2019alcaldessa de la Bisbal del Pened\u00e8s, Agn\u00e8s Ferr\u00e9, considera que \u201cel nou servei de &hellip; <a href=\"https:\/\/bisbalpenedes.com\/web\/2021\/11\/08\/el-nou-servei-de-bus-urba-i-comarcal-es-tot-un-exit-lalcaldessa-de-la-bisbal-del-penedes-fa-un-balanc-molt-positiu-del-nou-servei-de-bus-del-municipi\/\" class=\"more-link\">Read More<\/a><\/p>\n","protected":false},"author":4,"featured_media":19176,"comment_status":"closed","ping_status":"closed","sticky":false,"template":"","format":"standard","meta":[],"categories":[3859,8,2711],"tags":[4869,821,393],"_links":{"self":[{"href":"https:\/\/bisbalpenedes.com\/web\/wp-json\/wp\/v2\/posts\/19783"}],"collection":[{"href":"https:\/\/bisbalpenedes.com\/web\/wp-json\/wp\/v2\/posts"}],"about":[{"href":"https:\/\/bisbalpenedes.com\/web\/wp-json\/wp\/v2\/types\/post"}],"author":[{"embeddable":true,"href":"https:\/\/bisbalpenedes.com\/web\/wp-json\/wp\/v2\/users\/4"}],"replies":[{"embeddable":true,"href":"https:\/\/bisbalpenedes.com\/web\/wp-json\/wp\/v2\/comments?post=19783"}],"version-history":[{"count":1,"href":"https:\/\/bisbalpenedes.com\/web\/wp-json\/wp\/v2\/posts\/19783\/revisions"}],"predecessor-version":[{"id":19784,"href":"https:\/\/bisbalpenedes.com\/web\/wp-json\/wp\/v2\/posts\/19783\/revisions\/19784"}],"wp:featuredmedia":[{"embeddable":true,"href":"https:\/\/bisbalpenedes.com\/web\/wp-json\/wp\/v2\/media\/19176"}],"wp:attachment":[{"href":"https:\/\/bisbalpenedes.com\/web\/wp-json\/wp\/v2\/media?parent=19783"}],"wp:term":[{"taxonomy":"category","embeddable":true,"href":"https:\/\/bisbalpenedes.com\/web\/wp-json\/wp\/v2\/categories?post=19783"},{"taxonomy":"post_tag","embeddable":true,"href":"https:\/\/bisbalpenedes.com\/web\/wp-json\/wp\/v2\/tags?post=19783"}],"curies":[{"name":"wp","href":"https:\/\/api.w.org\/{rel}","templated":true}]}}