{"id":19772,"date":"2021-11-04T11:42:05","date_gmt":"2021-11-04T09:42:05","guid":{"rendered":"https:\/\/bisbalpenedes.com\/web\/?p=19772"},"modified":"2021-11-04T11:51:32","modified_gmt":"2021-11-04T09:51:32","slug":"els-veins-del-priorat-de-la-bisbal-andre-i-duarte-han-guanyat-la-medalla-dor-al-campionat-giland-2021-de-sant-adria-del-besos","status":"publish","type":"post","link":"https:\/\/bisbalpenedes.com\/web\/2021\/11\/04\/els-veins-del-priorat-de-la-bisbal-andre-i-duarte-han-guanyat-la-medalla-dor-al-campionat-giland-2021-de-sant-adria-del-besos\/","title":{"rendered":"Els ve\u00efns del Priorat de la Bisbal Andr\u00e9 i Duarte han guanyat la medalla d\u2019or al campionat Giland 2021 de jujitsu brasiler de Sant Adri\u00e0 del Bes\u00f2s"},"content":{"rendered":"\n<p>L\u2019Andr\u00e9 i el Duarte, ve\u00efns del barri del Priorat de la Bisbal, van guanyar la medalla d\u2019or al campionat Nogiland de jujitsu brasiler que va tenir lloc el passat 30 d\u2019octubre a Sant Adri\u00e0 del Bes\u00f2s. Els dos esportistes bisbalencs practiquen jujitsu brasiler des del passat mes de mar\u00e7 i en pocs mesos han demostrat que tenen grans capacitats en aquesta art marcial.<\/p>\n\n\n\n<p>Elvira Mendes, la seva Mare, ha explicat que \u201cl\u2019Andr\u00e9 i el Duarte tenen un trastorn gen\u00e8tic del cromosoma i una dificultat en la parla\u201d per\u00f2 aix\u00f2 no els impedeix viure amb passi\u00f3 i l\u00b7lusi\u00f3 l\u2019esport. De fet, segons explica l\u2019Elvira, en l\u2019actualitat \u201cfan futbol els dilluns al Club de Futbol Base Marc Bartra, el dimarts juguen a b\u00e0squet al Vendrell i el dijous van a Maslloren\u00e7 a fer jujitsu Brasiler\u201d.<\/p>\n\n\n\n<p>La mare dels esportistes, l\u2019Elvira, s\u2019ha mostrat molt agra\u00efda per les mostres de suport rebudes. A m\u00e9s, ha volgut destacar que \u201cm\u2019ha emocionat veure com altres nens, que no tenen discapacitat, s\u2019han apropat a l\u2019Andr\u00e9 i al Duarte per felicitar-los. Alguns, fins i tot, els han dit que s\u00f3n un exemple a seguir i que els meus fills els han donat una lli\u00e7\u00f3 d\u2019humilitat. Tot aix\u00f2, pots imaginar-te que \u00e9s molt enriquidor per a ells\u2026 imagina\u2019t, gent que no els coneixia de res els venia a saludar a i a felicitar amb molt de respecte i afecte\u201d.<\/p>\n\n\n\n<p>El Mauri Araujo \u00e9s el mestre de jiujitsu brasiler de l\u2019Andr\u00e9 i el Duarte i explica que \u201cfan molt d\u2019esfor\u00e7 i s\u00f3n els mateixos alumnes els que decideixen competir i, aix\u00f2, no \u00e9s f\u00e0cil. El m\u00e8rit podria semblar guanyar la medalla, per\u00f2 en realitat, el m\u00e8rit \u00e9s posar-te al davant de tanta gent i lluitar. Aix\u00f2 suposa un gran esfor\u00e7 mental i un gran creixement personal\u201d. Araujo explica que, al seu centre -ubicat a Maslloren\u00e7- tots els alumnes s\u00f3n tractats per igual \u201ctots tenen els mateixos drets i deures, tots s\u00f3n iguals al damunt del tatami, encara que cada alumne necessiti un temps d\u2019aprenentatge diferent\u201d. Quant al torneig del passat cap de setmana, el mestre reconeix que \u201cvan fer coses que em van sorprendre molt, van emprar t\u00e8cniques que em van deixar bocabadat\u2026 sincerament, \u00a1No sabia que havien apr\u00e8s tant en set mesos! A m\u00e9s, van fer un gran esfor\u00e7: van estar tot el dia all\u00e0, tot i que competien a la tarda, i estar all\u00e0 \u00e9s molta pressi\u00f3 i no saps que passa pel seu cap, per\u00f2 ho van fer francament b\u00e9 i en cap moment van quedar-se blocats\u201d. Per \u00faltim, Araujo ha volgut afegir que \u201cla seva mare, l\u2019Elvira, \u00e9s una altra campiona, fa un gran equip amb els seus fills. Jo, personalment, estic molt orgull\u00f3s de treballar amb ells i del fet que ells siguin tan valents. Vull aprofitar al m\u00e0xim aquesta oportunitat de tenir-los amb mi i vull ajudar-los tot el que pugui a fer que siguin millors persones, ja que el jiujitsu brasiler ajuda molt a aix\u00f2\u201d.<\/p>\n\n\n\n<p>L\u2019endem\u00e0 d\u2019assolir la vict\u00f2ria a Sant Adri\u00e0 del Bes\u00f2s, ambd\u00f3s germans van participar en la Cursa Specials del Vendrell -en el marc de la 34\u00aa mitja Marat\u00f3-, on en Duarte va quedar primer i l\u2019Andr\u00e9 tercer (tot i que a la fotografia surti el 2n del podi). L\u2019Elvira explicava que, \u201cl\u2019Andr\u00e9 es va cremar una mica el peu amb el tatami el dia abans per\u00f2 igualment va voler participar en la cursa. Jo pensava que no correria\u2026 doncs hi va anar i va quedar tercer tenint mal al peu!\u201d<\/p>\n\n\n\n<figure class=\"wp-block-image size-large\"><img loading=\"lazy\" width=\"1024\" height=\"670\" src=\"https:\/\/bisbalpenedes.com\/web\/wp-content\/uploads\/2021\/11\/ANDRE-I-DUARTE-EL-VENDRELL-PODI-1024x670.jpeg\" alt=\"\" class=\"wp-image-19773\" srcset=\"https:\/\/bisbalpenedes.com\/web\/wp-content\/uploads\/2021\/11\/ANDRE-I-DUARTE-EL-VENDRELL-PODI-1024x670.jpeg 1024w, https:\/\/bisbalpenedes.com\/web\/wp-content\/uploads\/2021\/11\/ANDRE-I-DUARTE-EL-VENDRELL-PODI-600x393.jpeg 600w, https:\/\/bisbalpenedes.com\/web\/wp-content\/uploads\/2021\/11\/ANDRE-I-DUARTE-EL-VENDRELL-PODI-300x196.jpeg 300w, https:\/\/bisbalpenedes.com\/web\/wp-content\/uploads\/2021\/11\/ANDRE-I-DUARTE-EL-VENDRELL-PODI-768x503.jpeg 768w, https:\/\/bisbalpenedes.com\/web\/wp-content\/uploads\/2021\/11\/ANDRE-I-DUARTE-EL-VENDRELL-PODI-765x500.jpeg 765w, https:\/\/bisbalpenedes.com\/web\/wp-content\/uploads\/2021\/11\/ANDRE-I-DUARTE-EL-VENDRELL-PODI.jpeg 1080w\" sizes=\"(max-width: 1024px) 100vw, 1024px\" \/><\/figure>\n\n\n\n<p>En l\u2019actualitat, l\u2019Andr\u00e9 i el Duarte, a banda de fer esport, van al centre d\u2019educaci\u00f3 especial Garb\u00ed, al Vendrell i van ser alumnes de l\u2019Escola Ull de Vent de la Bisbal del Pened\u00e8s fins a 6\u00e8 de prim\u00e0ria.<\/p>\n\n\n\n<p>A m\u00e9s, aquests germans bisbalencs tamb\u00e9 ajuden l\u2019Associaci\u00f3 de Ve\u00efns del Barri del Priorat de la Bisbal i, de fet, aquests dies es troben immersos en l\u2019organitzaci\u00f3 de la festa de presentaci\u00f3 de l\u2019entitat que se celebrar\u00e0 el proper dissabte 6 de novembre.<\/p>\n\n\n\n<hr class=\"wp-block-separator\"\/>\n\n\n\n<p><strong>CASTELLANO | <\/strong>Los vecinos del Priorat de la Bisbal Andr\u00e9 y Duarte han ganado la medalla de oro al campeonato Giland 2021 de San Adri\u00e0 del Bes\u00f2s<\/p>\n\n\n\n<p>Andr\u00e9 y &nbsp;Duarte, vecinos del barrio del Priorat de la Bisbal, ganaron la medalla de oro al campeonato Nogiland de jiujitsu brasile\u00f1o que tuvo lugar el pasado 30 de octubre en San Adri\u00e0 del Bes\u00f2s. Los dos deportistas bisbalenses practican jiujitsu brasile\u00f1o desde el pasado mes de marzo y en pocos meses han demostrado que tienen grandes capacidades para este arte marcial.<\/p>\n\n\n\n<p>Elvira Mendes, su Madre, ha explicado que \u201cAndr\u00e9 y Duarte tienen un trastorno gen\u00e9tico del cromosoma y una dificultad en el habla\u201d pero esto no los impide vivir con pasi\u00f3n e ilusi\u00f3n el deporte. De hecho, seg\u00fan explica Elvira, en la actualidad \u201chacen f\u00fatbol los lunes al Club de F\u00fatbol Base Marc Bartra, el martes juegan a baloncesto en el Vendrell y el jueves van a Maslloren\u00e7 a hacer jiujitsu Brasile\u00f1o\u201d.<\/p>\n\n\n\n<p>La madre de los deportistas, Elvira, se ha mostrado muy agradecida por las muestras de apoyo recibidas. Adem\u00e1s, ha querido destacar que \u201cme ha emocionado ver como otros ni\u00f1os, que no tienen discapacidad, se han acercado a la Andr\u00e9 y al Duarte para felicitarlos. Algunos, incluso, les han dicho que son un ejemplo a seguir y que mis hijos les han dado una lecci\u00f3n de humildad. Todo esto, puedes imaginarte que es muy enriquecedor para ellos\u2026 imag\u00ednate, gente que no los conoc\u00eda de nada los ven\u00eda a saludar a y a felicitar con mucho de respeto y afecto\u201d.<\/p>\n\n\n\n<p>El Mauri Araujo es el maestro de jiujitsu brasile\u00f1o del Andr\u00e9 y lo Duarte y explica que \u201chacen mucho de esfuerzo y son los mismos alumnos los que deciden competir y, esto, no es f\u00e1cil. El m\u00e9rito podr\u00eda parecer ganar la medalla, pero en realidad, el m\u00e9rito es ponerte delante de tanta gente y luchar. Esto supone un gran esfuerzo mental y un gran crecimiento personal\u201d. Araujo explica que, en su centro -ubicado en Maslloren\u00e7- todos los alumnos son tratados por igual \u201ctodos tienen los mismos derechos y deberes, todos son iguales encima del tatami, aunque cada alumno necesite un tiempo de aprendizaje distinto\u201d. En cuanto al torneo del fin de semana pasado, el maestro reconoce que \u201chicieron cosas que me sorprendieron mucho, emplearon t\u00e9cnicas que me dejaron boquiabierto\u2026 sinceramente, \u00a1no sab\u00eda que hab\u00edan aprendido tanto en siete meses! Adem\u00e1s, hicieron un gran esfuerzo: estuvieron todo el d\u00eda all\u00ed, a pesar de que compet\u00edan por la tarde, y estar all\u00ed es mucha presi\u00f3n y no sabes qu\u00e9 pasa por su cabeza, pero lo hicieron francamente bien y en ning\u00fan momento se quedaron bloqueados\u201d. Por \u00faltimo, Araujo ha querido a\u00f1adir que \u201csu madre, Elvira, es otra campeona, hace un gran equipo con sus hijos. Yo, personalmente, estoy muy orgulloso de trabajar con ellos y del hecho de que ellos sean tan valientes. Quiero aprovechar al m\u00e1ximo esta oportunidad de tenerlos conmigo y quiero ayudarlos en todo lo que pueda a que sean mejores personas, puesto que el jiujitsu brasile\u00f1o ayuda mucho a esto\u201d.<\/p>\n\n\n\n<p>Al d\u00eda siguiente de lograr la victoria a San Adri\u00e0 del Bes\u00f2s, ambos hermanos participaron en la Carrera Specials del Vendrell -en el marco de la 34\u00aa media Marat\u00f3n-, donde Duarte qued\u00f3 primero y Andr\u00e9 tercero (a pesar de que a la fotograf\u00eda salga lo 2.\u00ba del podio). Elvira explicaba que, \u201cAndr\u00e9 se quem\u00f3 un poco el pie con el tatami el d\u00eda antes, pero igualmente quiso participar en la carrera. Yo pensaba que no correr\u00eda\u2026 pues fue y qued\u00f3 tercero teniendo mal en el pie!\u201d<\/p>\n\n\n\n<p>En la actualidad, Andr\u00e9 y lo Duarte, adem\u00e1s de hacer deporte, van al centro de educaci\u00f3n especial Garb\u00ed, en el Vendrell y fueron alumnos de la Escuela Ojo de Viento de la Bisbal del Pened\u00e8s hasta 6.\u00ba de primaria.<\/p>\n\n\n\n<p>Adem\u00e1s, estos hermanos bisbalenses tambi\u00e9n ayudan la Associaci\u00f3 de Ve\u00efns del Barri del Priorat de la Bisbal y, de hecho, estos d\u00edas se encuentran inmersos en la organizaci\u00f3n de la fiesta de presentaci\u00f3n de la entidad que se celebrar\u00e1 el pr\u00f3ximo s\u00e1bado 6 de noviembre.<\/p>\n","protected":false},"excerpt":{"rendered":"<p>L\u2019Andr\u00e9 i el Duarte, ve\u00efns del barri del Priorat de la Bisbal, van guanyar la medalla d\u2019or al campionat Nogiland de jujitsu brasiler que va tenir lloc el passat 30 &hellip; <a href=\"https:\/\/bisbalpenedes.com\/web\/2021\/11\/04\/els-veins-del-priorat-de-la-bisbal-andre-i-duarte-han-guanyat-la-medalla-dor-al-campionat-giland-2021-de-sant-adria-del-besos\/\" class=\"more-link\">Read More<\/a><\/p>\n","protected":false},"author":4,"featured_media":19774,"comment_status":"closed","ping_status":"closed","sticky":false,"template":"","format":"standard","meta":[],"categories":[2370,19,8],"tags":[4865,4866,368,4867,4868,393],"_links":{"self":[{"href":"https:\/\/bisbalpenedes.com\/web\/wp-json\/wp\/v2\/posts\/19772"}],"collection":[{"href":"https:\/\/bisbalpenedes.com\/web\/wp-json\/wp\/v2\/posts"}],"about":[{"href":"https:\/\/bisbalpenedes.com\/web\/wp-json\/wp\/v2\/types\/post"}],"author":[{"embeddable":true,"href":"https:\/\/bisbalpenedes.com\/web\/wp-json\/wp\/v2\/users\/4"}],"replies":[{"embeddable":true,"href":"https:\/\/bisbalpenedes.com\/web\/wp-json\/wp\/v2\/comments?post=19772"}],"version-history":[{"count":4,"href":"https:\/\/bisbalpenedes.com\/web\/wp-json\/wp\/v2\/posts\/19772\/revisions"}],"predecessor-version":[{"id":19778,"href":"https:\/\/bisbalpenedes.com\/web\/wp-json\/wp\/v2\/posts\/19772\/revisions\/19778"}],"wp:featuredmedia":[{"embeddable":true,"href":"https:\/\/bisbalpenedes.com\/web\/wp-json\/wp\/v2\/media\/19774"}],"wp:attachment":[{"href":"https:\/\/bisbalpenedes.com\/web\/wp-json\/wp\/v2\/media?parent=19772"}],"wp:term":[{"taxonomy":"category","embeddable":true,"href":"https:\/\/bisbalpenedes.com\/web\/wp-json\/wp\/v2\/categories?post=19772"},{"taxonomy":"post_tag","embeddable":true,"href":"https:\/\/bisbalpenedes.com\/web\/wp-json\/wp\/v2\/tags?post=19772"}],"curies":[{"name":"wp","href":"https:\/\/api.w.org\/{rel}","templated":true}]}}