{"id":19757,"date":"2021-11-03T18:43:22","date_gmt":"2021-11-03T16:43:22","guid":{"rendered":"https:\/\/bisbalpenedes.com\/web\/?p=19757"},"modified":"2021-11-03T18:46:02","modified_gmt":"2021-11-03T16:46:02","slug":"la-diputacio-de-tarragona-ha-concedit-una-subvencio-a-lajuntament-de-la-bisbal-del-penedes-per-a-lorganitzacio-de-la-150a-edicio-de-la-fira","status":"publish","type":"post","link":"https:\/\/bisbalpenedes.com\/web\/2021\/11\/03\/la-diputacio-de-tarragona-ha-concedit-una-subvencio-a-lajuntament-de-la-bisbal-del-penedes-per-a-lorganitzacio-de-la-150a-edicio-de-la-fira\/","title":{"rendered":"La Diputaci\u00f3 de Tarragona ha concedit una subvenci\u00f3 a l\u2019Ajuntament de la Bisbal del Pened\u00e8s per l\u2019organitzaci\u00f3 de la 150\u00aa edici\u00f3 de La Fira"},"content":{"rendered":"\n<p>El passat diumenge 3 d\u2019octubre la Bisbal del Pened\u00e8s va acollir la 150\u00aa edici\u00f3 de La Fira. En tractar-se d\u2019un esdeveniment excepcional -com \u00e9s la commemoraci\u00f3 d\u2019una efem\u00e8ride tan especial- la Diputaci\u00f3 de Tarragona ha atorgat una subvenci\u00f3 de 4.550\u20ac per a actes culturals de car\u00e0cter singular a l\u2019Ajuntament de la Bisbal del Pened\u00e8s amb motiu de la celebraci\u00f3.<\/p>\n\n\n\n<p>El programa de La Fira va comptar amb les seves tradicionals parades de productes locals i forans i amb diversos actes que van permetre als interessats aproximar-se a la hist\u00f2ria de la Fira i als productes agr\u00edcoles locals. A m\u00e9s, els m\u00e9s petits van poder imaginar-se com era la Fira en l\u2019antiguitat gr\u00e0cies a la recreaci\u00f3 de la \u2018Fira a l\u2019Antiga\u2019, on van poder gaudir d\u2019un decorat que simulava un dels motors de la Fira ja perduts: la pres\u00e8ncia d\u2019animals per a la llar. Finalment, la Fira es va tancar amb un concert a l\u2019aire lliure, ja que la Fira de la Bisbal engloba comer\u00e7,&nbsp; festa i cultura.<\/p>\n\n\n\n<p>El pressupost de la Fira ascendia a 7.000\u20ac i la Diputaci\u00f3 ha concedit -a l\u2019Ajuntament- una subvenci\u00f3 per un 65% de l\u2019import, \u00e9s a dir, 4.550\u20ac, en el marc del programa de subvencions als ajuntaments per a activitats culturals de car\u00e0cter singular per als municipis.<\/p>\n\n\n\n<p>La Fira de la Bisbal del Pened\u00e8s va n\u00e9ixer l\u2019any 1870, quan l\u2019Ajuntament va convocar els ve\u00efns del poble a una sessi\u00f3 extraordin\u00e0ria per debatre si es decidia fer cas a \u201clas muchas reclamaciones que en diferentes \u00e9pocas se hab\u00edan presentado \u00e1 las corporaciones municipales reproducidas \u00e0 la actual, al efecto de establecer en esta poblaci\u00f3n una feria anualmente\u201d. Podeu con\u00e8ixer la hist\u00f2ria de la Fira a trav\u00e9s de la P\u00edndola Bisbalenca que va redactar l\u2019historiador local Jordi Ferran ara fa un any. Per accedir-hi, feu clic <a href=\"https:\/\/bisbalpenedes.com\/web\/2020\/10\/03\/nova-entrega-de-les-pindoles-bisbalenques-una-fira-centenaria\/\">aqu\u00ed.<\/a><\/p>\n\n\n\n<hr class=\"wp-block-separator\"\/>\n\n\n\n<figure class=\"wp-block-image size-large\"><img loading=\"lazy\" width=\"1024\" height=\"682\" src=\"https:\/\/bisbalpenedes.com\/web\/wp-content\/uploads\/2021\/11\/LA-FIRA-2021-FOTO-OPT-1-1024x682.jpeg\" alt=\"\" class=\"wp-image-19759\" srcset=\"https:\/\/bisbalpenedes.com\/web\/wp-content\/uploads\/2021\/11\/LA-FIRA-2021-FOTO-OPT-1-1024x682.jpeg 1024w, https:\/\/bisbalpenedes.com\/web\/wp-content\/uploads\/2021\/11\/LA-FIRA-2021-FOTO-OPT-1-600x400.jpeg 600w, https:\/\/bisbalpenedes.com\/web\/wp-content\/uploads\/2021\/11\/LA-FIRA-2021-FOTO-OPT-1-300x200.jpeg 300w, https:\/\/bisbalpenedes.com\/web\/wp-content\/uploads\/2021\/11\/LA-FIRA-2021-FOTO-OPT-1-768x512.jpeg 768w, https:\/\/bisbalpenedes.com\/web\/wp-content\/uploads\/2021\/11\/LA-FIRA-2021-FOTO-OPT-1-1536x1023.jpeg 1536w, https:\/\/bisbalpenedes.com\/web\/wp-content\/uploads\/2021\/11\/LA-FIRA-2021-FOTO-OPT-1.jpeg 2048w\" sizes=\"(max-width: 1024px) 100vw, 1024px\" \/><\/figure>\n\n\n\n<p>El pasado Domingo 3 de octubre la Bisbal del Pened\u00e8s acogi\u00f3 la 150\u00aa edici\u00f3n de La Fira. Al tratarse de un evento excepcional -como es la conmemoraci\u00f3n de una efem\u00e9ride tan especial- la Diputaci\u00f3n de Tarragona ha otorgado una subvenci\u00f3n de 4.550\u20ac para actos culturales de car\u00e1cter singular al Ayuntamiento de la Bisbal del Pened\u00e8s con motivo de la celebraci\u00f3n.<\/p>\n\n\n\n<p>El programa de la Fira cont\u00f3 con sus tradicionales paradas de productos locales y for\u00e1neos y con varios actos que permitieron a los interesados aproximarse a la historia de la Fira y a los productos agr\u00edcolas locales. Adem\u00e1s, los m\u00e1s peque\u00f1os pudieron imaginarse como era la Fira en la antig\u00fcedad gracias a la recreaci\u00f3n de la \u2018Fira a l\u2019Antiga\u2019, en la que pudieron disfrutar de un decorado que simulaba uno de los motores de la Fira ya perdidos: la presencia de animales para el hogar. Finalmente, la Fira se cerr\u00f3 con un concierto al aire libre, ya que la Fira de la Bisbal engloba comercio, fiesta y cultura.<\/p>\n\n\n\n<p>El presupuesto de la Fira ascend\u00eda a 7.000\u20ac y la Diputaci\u00f3n ha concedido -al Ayuntamiento- una subvenci\u00f3n de un 65% del importe, es decir, 4.550\u20ac, en el marco del programa de subvenciones a los ayuntamientos para actividades culturales de car\u00e1cter singular para los municipios.<\/p>\n\n\n\n<p>La Fira de la Bisbal del Pened\u00e8s naci\u00f3n en el a\u00f1o 1870, cuando el Ayuntamiento convoco a los vecinos del pueblo a una sesi\u00f3n extraordinaria para debatir si se decid\u00eda obedecer a \u201clas muchas reclamaciones que en diferentes \u00e9pocas se hab\u00edan presentado \u00e1 las corporaciones municipales reproducidas \u00e0 la actual, al efecto de establecer en esta poblaci\u00f3n una feria anualmente\u201d. Pod\u00e9is conocer la historia de la Fira a trav\u00e9s de la P\u00edndola Bisbalenca que redact\u00f3 el historiador local Jordi Ferran ahora hace un a\u00f1o. Para acceder a la misma, haced clic <a href=\"https:\/\/bisbalpenedes.com\/web\/2020\/10\/03\/nova-entrega-de-les-pindoles-bisbalenques-una-fira-centenaria\/\">aqu\u00ed.<\/a><\/p>\n","protected":false},"excerpt":{"rendered":"<p>El passat diumenge 3 d\u2019octubre la Bisbal del Pened\u00e8s va acollir la 150\u00aa edici\u00f3 de La Fira. En tractar-se d\u2019un esdeveniment excepcional -com \u00e9s la commemoraci\u00f3 d\u2019una efem\u00e8ride tan especial- &hellip; <a href=\"https:\/\/bisbalpenedes.com\/web\/2021\/11\/03\/la-diputacio-de-tarragona-ha-concedit-una-subvencio-a-lajuntament-de-la-bisbal-del-penedes-per-a-lorganitzacio-de-la-150a-edicio-de-la-fira\/\" class=\"more-link\">Read More<\/a><\/p>\n","protected":false},"author":4,"featured_media":19758,"comment_status":"closed","ping_status":"closed","sticky":false,"template":"","format":"standard","meta":[],"categories":[3860,13,8],"tags":[4863,329,673,4864,393,2362,99],"_links":{"self":[{"href":"https:\/\/bisbalpenedes.com\/web\/wp-json\/wp\/v2\/posts\/19757"}],"collection":[{"href":"https:\/\/bisbalpenedes.com\/web\/wp-json\/wp\/v2\/posts"}],"about":[{"href":"https:\/\/bisbalpenedes.com\/web\/wp-json\/wp\/v2\/types\/post"}],"author":[{"embeddable":true,"href":"https:\/\/bisbalpenedes.com\/web\/wp-json\/wp\/v2\/users\/4"}],"replies":[{"embeddable":true,"href":"https:\/\/bisbalpenedes.com\/web\/wp-json\/wp\/v2\/comments?post=19757"}],"version-history":[{"count":3,"href":"https:\/\/bisbalpenedes.com\/web\/wp-json\/wp\/v2\/posts\/19757\/revisions"}],"predecessor-version":[{"id":19763,"href":"https:\/\/bisbalpenedes.com\/web\/wp-json\/wp\/v2\/posts\/19757\/revisions\/19763"}],"wp:featuredmedia":[{"embeddable":true,"href":"https:\/\/bisbalpenedes.com\/web\/wp-json\/wp\/v2\/media\/19758"}],"wp:attachment":[{"href":"https:\/\/bisbalpenedes.com\/web\/wp-json\/wp\/v2\/media?parent=19757"}],"wp:term":[{"taxonomy":"category","embeddable":true,"href":"https:\/\/bisbalpenedes.com\/web\/wp-json\/wp\/v2\/categories?post=19757"},{"taxonomy":"post_tag","embeddable":true,"href":"https:\/\/bisbalpenedes.com\/web\/wp-json\/wp\/v2\/tags?post=19757"}],"curies":[{"name":"wp","href":"https:\/\/api.w.org\/{rel}","templated":true}]}}