{"id":19740,"date":"2021-11-02T13:27:31","date_gmt":"2021-11-02T11:27:31","guid":{"rendered":"https:\/\/bisbalpenedes.com\/web\/?p=19740"},"modified":"2021-11-02T13:27:31","modified_gmt":"2021-11-02T11:27:31","slug":"al-desembre-comencen-les-activitats-dirigides-tonificacio-pilates-zumba-i-estiraments","status":"publish","type":"post","link":"https:\/\/bisbalpenedes.com\/web\/2021\/11\/02\/al-desembre-comencen-les-activitats-dirigides-tonificacio-pilates-zumba-i-estiraments\/","title":{"rendered":"Al desembre comencen les activitats dirigides: tonificaci\u00f3, pilates, Zumba i estiraments"},"content":{"rendered":"\n<p><strong><span class=\"has-inline-color has-vivid-purple-color\">A partir del mes de desembre\u2026 Posa\u2019t en forma!\u00a0<\/span><\/strong><\/p>\n\n\n\n<p>La Regidoria d\u2019Esports ofereix les activitats de\u00a0<strong>tonificaci\u00f3, pilates, Zumba i estiraments.<\/strong>\u00a0S\u2019ofereixen activitats al mat\u00ed, al migdia i al vespre al CMC. Les classes comencen l\u20191 de desembre i les inscripcions s\u2019han de fer a les oficines municipals,\u00a0<strong>com a m\u00e0xim, el 15 de novembre.<\/strong><\/p>\n\n\n\n<p>Els preus s\u00f3n:<\/p>\n\n\n\n<p>1 dia a la setmana: 15\u20ac el trimestre<\/p>\n\n\n\n<p>2 dies a la setmana: 10\u20ac al mes<\/p>\n\n\n\n<p>3 dies a la setmana: 15\u20ac al mes<\/p>\n\n\n\n<hr class=\"wp-block-separator\"\/>\n\n\n\n<p><strong>CASTELLANO |\u00a0<span class=\"has-inline-color has-vivid-purple-color\">A partir del mes de diciembre\u2026 \u00a1Ponte en forma!<\/span><\/strong><\/p>\n\n\n\n<p>La Regidoria d\u2019Esports ofrece las actividades de\u00a0<strong>tonificaci\u00f3n, pilates, Zumba y estiramientos.<\/strong>\u00a0Se ofrecen actividades por la ma\u00f1ana, al mediod\u00eda y a \u00faltima hora de la tarde en el CMC. Las clases empiezan el 1 de diciembre y las inscripciones hay que hacerlas en las oficinas municipales,\u00a0<strong>como m\u00e1ximo, el 15 de noviembre.<\/strong><\/p>\n\n\n\n<p>Los precios son:<\/p>\n\n\n\n<p>1 d\u00eda a la semana: 15\u20ac el trimestre<\/p>\n\n\n\n<p>2 d\u00edas a la semana: 10\u20ac al mes<\/p>\n\n\n\n<p>3 d\u00edas a la semana: 15\u20ac al mes<\/p>\n","protected":false},"excerpt":{"rendered":"<p>A partir del mes de desembre\u2026 Posa\u2019t en forma!\u00a0 La Regidoria d\u2019Esports ofereix les activitats de\u00a0tonificaci\u00f3, pilates, Zumba i estiraments.\u00a0S\u2019ofereixen activitats al mat\u00ed, al migdia i al vespre al CMC. &hellip; <a href=\"https:\/\/bisbalpenedes.com\/web\/2021\/11\/02\/al-desembre-comencen-les-activitats-dirigides-tonificacio-pilates-zumba-i-estiraments\/\" class=\"more-link\">Read More<\/a><\/p>\n","protected":false},"author":4,"featured_media":19741,"comment_status":"closed","ping_status":"closed","sticky":false,"template":"","format":"standard","meta":[],"categories":[19,8],"tags":[2442,83,393,804],"_links":{"self":[{"href":"https:\/\/bisbalpenedes.com\/web\/wp-json\/wp\/v2\/posts\/19740"}],"collection":[{"href":"https:\/\/bisbalpenedes.com\/web\/wp-json\/wp\/v2\/posts"}],"about":[{"href":"https:\/\/bisbalpenedes.com\/web\/wp-json\/wp\/v2\/types\/post"}],"author":[{"embeddable":true,"href":"https:\/\/bisbalpenedes.com\/web\/wp-json\/wp\/v2\/users\/4"}],"replies":[{"embeddable":true,"href":"https:\/\/bisbalpenedes.com\/web\/wp-json\/wp\/v2\/comments?post=19740"}],"version-history":[{"count":1,"href":"https:\/\/bisbalpenedes.com\/web\/wp-json\/wp\/v2\/posts\/19740\/revisions"}],"predecessor-version":[{"id":19742,"href":"https:\/\/bisbalpenedes.com\/web\/wp-json\/wp\/v2\/posts\/19740\/revisions\/19742"}],"wp:featuredmedia":[{"embeddable":true,"href":"https:\/\/bisbalpenedes.com\/web\/wp-json\/wp\/v2\/media\/19741"}],"wp:attachment":[{"href":"https:\/\/bisbalpenedes.com\/web\/wp-json\/wp\/v2\/media?parent=19740"}],"wp:term":[{"taxonomy":"category","embeddable":true,"href":"https:\/\/bisbalpenedes.com\/web\/wp-json\/wp\/v2\/categories?post=19740"},{"taxonomy":"post_tag","embeddable":true,"href":"https:\/\/bisbalpenedes.com\/web\/wp-json\/wp\/v2\/tags?post=19740"}],"curies":[{"name":"wp","href":"https:\/\/api.w.org\/{rel}","templated":true}]}}