{"id":19733,"date":"2021-10-29T18:49:54","date_gmt":"2021-10-29T16:49:54","guid":{"rendered":"https:\/\/bisbalpenedes.com\/web\/?p=19733"},"modified":"2021-10-29T18:49:54","modified_gmt":"2021-10-29T16:49:54","slug":"la-junta-de-govern-extraordinaria-ha-aprovat-un-punt-amb-competencies-delegades-del-ple","status":"publish","type":"post","link":"https:\/\/bisbalpenedes.com\/web\/2021\/10\/29\/la-junta-de-govern-extraordinaria-ha-aprovat-un-punt-amb-competencies-delegades-del-ple\/","title":{"rendered":"La Junta de Govern extraordin\u00e0ria ha aprovat un punt amb compet\u00e8ncies delegades del Ple"},"content":{"rendered":"\n<p>La Junta de Govern extraordin\u00e0ria del 29 d&#8217;octubre de 2021 inclo\u00efa \u2013i va aprovar- aquest punt amb compet\u00e8ncies delegades del Ple:<\/p>\n\n\n\n<p>&#8220;Expedient 1362\/2019 retirada del tercer classificat i petici\u00f3 de documentaci\u00f3 al quart classificat del procediment de contractaci\u00f3 de les obres de la primera fase del poliesportiu municipal&#8221;.<\/p>\n\n\n\n<p>Aquesta proposta era compet\u00e8ncia del Ple, per\u00f2 est\u00e0 delegada a favor de la Junta de Govern local mitjan\u00e7ant l\u2019acord plenari del 4 de juliol de 2019. Les sessions de les Juntes de Govern Local no s\u00f3n p\u00fabliques, per\u00f2 quan s\u2019actua amb compet\u00e8ncies delegades del Ple, la sessi\u00f3 se sotmet als mateixos requisits de publicitat que les sessions del Ple, que s\u00ed que s\u00f3n p\u00fabliques. Aix\u00ed ho va declarar la STS 161\/2013, de 26 de setembre.&nbsp;<\/p>\n\n\n\n<p>Per aquest motiu a les 10:15h del divendres 29 d&#8217;octubre s&#8217;han obert les portes de la sala de Plens perqu\u00e8, qui ho desitg\u00e9s, pogu\u00e9s assistir com a p\u00fablic a aquest punt de la Junta de Govern. Aix\u00ed mateix, tamb\u00e9 s&#8217;ha enregistrat i es publica a Youtube per garantir la seva publicitat i, pr\u00e8viament, es va enviar la proposta als regidors de l&#8217;oposici\u00f3 &#8211; que no formen part de la Junta de Govern Local.<\/p>\n\n\n\n<figure class=\"wp-block-embed is-type-video is-provider-youtube wp-block-embed-youtube wp-embed-aspect-16-9 wp-has-aspect-ratio\"><div class=\"wp-block-embed__wrapper\">\n<iframe loading=\"lazy\" title=\"Punt de l\u2019Ordre del dia de la Junta de Govern local del 29\/10\/21 amb compet\u00e8ncies delegades del Ple\" width=\"1170\" height=\"658\" src=\"https:\/\/www.youtube.com\/embed\/nqIPGM-BoiQ?feature=oembed\" frameborder=\"0\" allow=\"accelerometer; autoplay; clipboard-write; encrypted-media; gyroscope; picture-in-picture\" allowfullscreen><\/iframe>\n<\/div><\/figure>\n\n\n\n<hr class=\"wp-block-separator\"\/>\n\n\n\n<p>La Junta de Gobierno extraordinaria del 29 de octubre de 2021 inclu\u00eda -y aprob\u00f3- este punto con competencias delegadas del Pleno:\u00a0<\/p>\n\n\n\n<p>&#8220;Expediente 1362\/2019 retirada del tercer clasificado y petici\u00f3n de documentaci\u00f3n al cuarto clasificado del procedimiento de contrataci\u00f3n de las obras de la primera fase del polideportivo municipal&#8221;.<\/p>\n\n\n\n<p>Esta propuesta era competencia del pleno, pero est\u00e1 delegada a favor de la Junta de Gobierno Local mediante el acuerdo plenario del 4 de julio del 2019. Las sesiones de las Juntas de Gobierno Local no son p\u00fablicas, pero cuando se act\u00faa con competencias delegadas del Pleno, la sesi\u00f3n se somete a los mismos requisitos de publicidad que las sesiones del Pleno, que s\u00ed que son p\u00fablicas. As\u00ed lo declar\u00f3 la STS 161\/2013, del 26 de septiembre. Por este motivo a las 10:15h del viernes 29 de octubre se han abierto las puertas de la sala de Plenos para que, quien lo desease, pudiese asistir como p\u00fablico a este punto de la Junta de Gobierno. As\u00ed mismo, tambi\u00e9n se ha grabado y se publica en Youtube para garantizar su publicidad y, previamente, se envi\u00f3 la propuesta a los concejales de la oposici\u00f3n -que no forman parte de la Junta de Gobierno Local.&nbsp;<\/p>\n\n\n\n<figure class=\"wp-block-embed is-type-video is-provider-youtube wp-block-embed-youtube wp-embed-aspect-16-9 wp-has-aspect-ratio\"><div class=\"wp-block-embed__wrapper\">\n<iframe loading=\"lazy\" title=\"Punt de l\u2019Ordre del dia de la Junta de Govern local del 29\/10\/21 amb compet\u00e8ncies delegades del Ple\" width=\"1170\" height=\"658\" src=\"https:\/\/www.youtube.com\/embed\/nqIPGM-BoiQ?feature=oembed\" frameborder=\"0\" allow=\"accelerometer; autoplay; clipboard-write; encrypted-media; gyroscope; picture-in-picture\" allowfullscreen><\/iframe>\n<\/div><\/figure>\n\n\n\n<p><\/p>\n","protected":false},"excerpt":{"rendered":"<p>La Junta de Govern extraordin\u00e0ria del 29 d&#8217;octubre de 2021 inclo\u00efa \u2013i va aprovar- aquest punt amb compet\u00e8ncies delegades del Ple: &#8220;Expedient 1362\/2019 retirada del tercer classificat i petici\u00f3 de &hellip; <a href=\"https:\/\/bisbalpenedes.com\/web\/2021\/10\/29\/la-junta-de-govern-extraordinaria-ha-aprovat-un-punt-amb-competencies-delegades-del-ple\/\" class=\"more-link\">Read More<\/a><\/p>\n","protected":false},"author":4,"featured_media":19734,"comment_status":"closed","ping_status":"closed","sticky":false,"template":"","format":"standard","meta":[],"categories":[3085,8,2250],"tags":[3985,686,393,139,483],"_links":{"self":[{"href":"https:\/\/bisbalpenedes.com\/web\/wp-json\/wp\/v2\/posts\/19733"}],"collection":[{"href":"https:\/\/bisbalpenedes.com\/web\/wp-json\/wp\/v2\/posts"}],"about":[{"href":"https:\/\/bisbalpenedes.com\/web\/wp-json\/wp\/v2\/types\/post"}],"author":[{"embeddable":true,"href":"https:\/\/bisbalpenedes.com\/web\/wp-json\/wp\/v2\/users\/4"}],"replies":[{"embeddable":true,"href":"https:\/\/bisbalpenedes.com\/web\/wp-json\/wp\/v2\/comments?post=19733"}],"version-history":[{"count":1,"href":"https:\/\/bisbalpenedes.com\/web\/wp-json\/wp\/v2\/posts\/19733\/revisions"}],"predecessor-version":[{"id":19735,"href":"https:\/\/bisbalpenedes.com\/web\/wp-json\/wp\/v2\/posts\/19733\/revisions\/19735"}],"wp:featuredmedia":[{"embeddable":true,"href":"https:\/\/bisbalpenedes.com\/web\/wp-json\/wp\/v2\/media\/19734"}],"wp:attachment":[{"href":"https:\/\/bisbalpenedes.com\/web\/wp-json\/wp\/v2\/media?parent=19733"}],"wp:term":[{"taxonomy":"category","embeddable":true,"href":"https:\/\/bisbalpenedes.com\/web\/wp-json\/wp\/v2\/categories?post=19733"},{"taxonomy":"post_tag","embeddable":true,"href":"https:\/\/bisbalpenedes.com\/web\/wp-json\/wp\/v2\/tags?post=19733"}],"curies":[{"name":"wp","href":"https:\/\/api.w.org\/{rel}","templated":true}]}}