{"id":19729,"date":"2021-10-28T15:29:52","date_gmt":"2021-10-28T13:29:52","guid":{"rendered":"https:\/\/bisbalpenedes.com\/web\/?p=19729"},"modified":"2021-10-28T15:29:52","modified_gmt":"2021-10-28T13:29:52","slug":"la-alcaldessa-de-la-bisbal-del-penedes-ha-convocat-una-junta-de-govern-extraordinaria-per-al-divendres-29-doctubre","status":"publish","type":"post","link":"https:\/\/bisbalpenedes.com\/web\/2021\/10\/28\/la-alcaldessa-de-la-bisbal-del-penedes-ha-convocat-una-junta-de-govern-extraordinaria-per-al-divendres-29-doctubre\/","title":{"rendered":"La alcaldessa de la Bisbal del Pened\u00e8s ha convocat una Junta de Govern extraordin\u00e0ria per al divendres 29 d&#8217;octubre"},"content":{"rendered":"\n<p>L&#8217;alcaldessa de la Bisbal del Pened\u00e8s, Agn\u00e8s Ferr\u00e9, ha convocat una Junta de Govern extraordin\u00e0ria per al&nbsp;divendres 29 d&#8217;octubre. La urg\u00e8ncia ve donada per la proposta d&#8217;aprovaci\u00f3 del projecte de renovaci\u00f3 de la xarxa d&#8217;aigua del carrer Rossinyol del Papagai. En la mateixa Junta s&#8217;aprovaran dues propostes m\u00e9s, una de les quals \u00e9s amb compet\u00e8ncia del Ple delegada a la Junta de Govern.<\/p>\n\n\n\n<p>La Proposta amb compet\u00e8ncia delegada del Ple i que se li ha fet arribar tamb\u00e9 als regidors i regidores de l\u2019oposici\u00f3, \u00e9s la seg\u00fcent:<\/p>\n\n\n\n<p>-Expedient 1362\/2019 retirada del tercer classificat i petici\u00f3 de documentaci\u00f3 al quart classificat del procediment de contractaci\u00f3 de les obres de la primera fase del poliesportiu municipal<\/p>\n\n\n\n<p>Les sessions de la Junta de Govern Local no s\u00f3n p\u00fabliques, per\u00f2 quan actua amb compet\u00e8ncies delegades del Ple, la sessi\u00f3 se sotmet als mateixos requisits de publicitat de les sessions del Ple, que s\u00f3n p\u00fabliques. Aix\u00ed ho va declarar la STS 161\/2013, de 26 de setembre. Per aquest motiu&nbsp;a les 10:15h del divendres&nbsp;29 d&#8217;octubre s&#8217;obriran les portes de la sala de Plens perqu\u00e8, qui ho desitgi pugui assistir com a p\u00fablic a aquest punt de la Junta de Govern.<\/p>\n\n\n\n<p>Tot i que la Junta s&#8217;obre l&#8217;assist\u00e8ncia del p\u00fablic en aquest punt, tamb\u00e9 es gravar\u00e0 i es publicar\u00e0 el v\u00eddeo durant els propers dies per garantir la seva publicitat.<\/p>\n\n\n\n<hr class=\"wp-block-separator\"\/>\n\n\n\n<p><strong>CASTELLANO<\/strong>&nbsp;|&nbsp;La alcaldesa de la Bisbal del Pened\u00e8s, Agn\u00e8s Ferr\u00e9, ha convocado una Junta de Gobierno extraordinaria para el viernes 19 de octubre. La urgencia viene dada por la propuesta de aprobaci\u00f3n del proyecto de renovaci\u00f3n de la red de agua de la calle Rossinyol del Papagai. En la misma Junta se aprobar\u00e1n dos propuestas m\u00e1s, una de las cuales es con competencia del Pleno delegada a la Junta de Gobierno.<\/p>\n\n\n\n<p>La Propuesta con competencia delegada del Pleno y que se le ha hecho llegar tambi\u00e9n a los concejales y concejalas de la oposici\u00f3n, es la siguiente:<\/p>\n\n\n\n<p>-Expediente 1362\/2019 retirada del tercer clasificado y petici\u00f3n de documentaci\u00f3n al cuarto clasificado del procedimiento de contrataci\u00f3n de las obras de la primera fase del polideportivo municipal<\/p>\n\n\n\n<p>Las sesiones de la Junta de Gobierno local no son p\u00fablicas, pero cuando act\u00faa con competencias delegadas del Pleno, la sesi\u00f3n se somete a los mismos requisitos de publicidad de las sesiones del Pleno, que son p\u00fablicas. As\u00ed lo declar\u00f3 la STS 161\/2013, del 26 de septiembre. Por este motivo a las 10:15h del viernes 29 de octubre se abrir\u00e1n las puertas de la sala de Plenos para que, quien lo desee, pueda asistir como p\u00fablico a este punto de la Junta de Gobierno.<\/p>\n\n\n\n<p>Aunque la Junta se abre a la asistencia del p\u00fablico en este punto, tambi\u00e9n se grabar\u00e1 y se publicar\u00e1 el v\u00eddeo durante los pr\u00f3ximos d\u00edas para garantizar su publicidad.<\/p>\n","protected":false},"excerpt":{"rendered":"<p>L&#8217;alcaldessa de la Bisbal del Pened\u00e8s, Agn\u00e8s Ferr\u00e9, ha convocat una Junta de Govern extraordin\u00e0ria per al&nbsp;divendres 29 d&#8217;octubre. La urg\u00e8ncia ve donada per la proposta d&#8217;aprovaci\u00f3 del projecte de &hellip; <a href=\"https:\/\/bisbalpenedes.com\/web\/2021\/10\/28\/la-alcaldessa-de-la-bisbal-del-penedes-ha-convocat-una-junta-de-govern-extraordinaria-per-al-divendres-29-doctubre\/\" class=\"more-link\">Read More<\/a><\/p>\n","protected":false},"author":4,"featured_media":13964,"comment_status":"closed","ping_status":"closed","sticky":false,"template":"","format":"standard","meta":[],"categories":[3085,2250],"tags":[4175,686,4860,777,393],"_links":{"self":[{"href":"https:\/\/bisbalpenedes.com\/web\/wp-json\/wp\/v2\/posts\/19729"}],"collection":[{"href":"https:\/\/bisbalpenedes.com\/web\/wp-json\/wp\/v2\/posts"}],"about":[{"href":"https:\/\/bisbalpenedes.com\/web\/wp-json\/wp\/v2\/types\/post"}],"author":[{"embeddable":true,"href":"https:\/\/bisbalpenedes.com\/web\/wp-json\/wp\/v2\/users\/4"}],"replies":[{"embeddable":true,"href":"https:\/\/bisbalpenedes.com\/web\/wp-json\/wp\/v2\/comments?post=19729"}],"version-history":[{"count":2,"href":"https:\/\/bisbalpenedes.com\/web\/wp-json\/wp\/v2\/posts\/19729\/revisions"}],"predecessor-version":[{"id":19731,"href":"https:\/\/bisbalpenedes.com\/web\/wp-json\/wp\/v2\/posts\/19729\/revisions\/19731"}],"wp:featuredmedia":[{"embeddable":true,"href":"https:\/\/bisbalpenedes.com\/web\/wp-json\/wp\/v2\/media\/13964"}],"wp:attachment":[{"href":"https:\/\/bisbalpenedes.com\/web\/wp-json\/wp\/v2\/media?parent=19729"}],"wp:term":[{"taxonomy":"category","embeddable":true,"href":"https:\/\/bisbalpenedes.com\/web\/wp-json\/wp\/v2\/categories?post=19729"},{"taxonomy":"post_tag","embeddable":true,"href":"https:\/\/bisbalpenedes.com\/web\/wp-json\/wp\/v2\/tags?post=19729"}],"curies":[{"name":"wp","href":"https:\/\/api.w.org\/{rel}","templated":true}]}}