{"id":19727,"date":"2021-10-28T12:23:57","date_gmt":"2021-10-28T10:23:57","guid":{"rendered":"https:\/\/bisbalpenedes.com\/web\/?p=19727"},"modified":"2021-10-28T12:23:57","modified_gmt":"2021-10-28T10:23:57","slug":"es-treu-a-concurs-la-redaccio-del-projecte-de-consolidacio-i-reforma-de-la-fassina-i-de-lobra-nova-de-naus-per-a-la-brigada","status":"publish","type":"post","link":"https:\/\/bisbalpenedes.com\/web\/2021\/10\/28\/es-treu-a-concurs-la-redaccio-del-projecte-de-consolidacio-i-reforma-de-la-fassina-i-de-lobra-nova-de-naus-per-a-la-brigada\/","title":{"rendered":"Es treu a concurs la redacci\u00f3 del projecte de consolidaci\u00f3 i reforma de la Fassina i de l&#8217;obra nova de naus per a la brigada"},"content":{"rendered":"\n<p>L\u2019Ajuntament de la Bisbal del Pened\u00e8s treu a concurs el servei de redacci\u00f3 del projecte de consolidaci\u00f3 i reforma de la torre de l\u2019edifici de la fassina i de l\u2019obra nova de naus per a la brigada, per un import de 35.295,70\u20ac i un termini m\u00e0xim de 2 mesos per lliurar el projecte.<\/p>\n\n\n\n<p>Els interessats poden presentar-se a la licitaci\u00f3 des d\u2019avui 28 d\u2019octubre fins al 12 de novembre de 2021 a les 15:00h.<\/p>\n\n\n\n<p>En aquest enlla\u00e7 al Perfil del Contractant podeu consultar el plec de prescripcions administratives i t\u00e8cniques:&nbsp;<a href=\"https:\/\/contractaciopublica.gencat.cat\/ecofin_pscp\/AppJava\/notice.pscp?reqCode=viewCn&amp;idDoc=90238578&amp;lawType=\">https:\/\/contractaciopublica.gencat.cat\/ecofin_pscp\/AppJava\/notice.pscp?reqCode=viewCn&amp;idDoc=90238578&amp;lawType=<\/a><\/p>\n\n\n\n<p>L\u2019Ajuntament de la Bisbal del Pened\u00e8s va adquirir l\u2019edifici de l\u2019antiga fassina el maig de 2019 amb l\u2019objectiu d\u2019ubicar-hi el magatzem municipal i destinar la torre de la construcci\u00f3 a local d\u2019assaig de la Colla Castellera de La Bisbal del Pened\u00e8s. A comen\u00e7aments del 2021 es van enderrocar les edificacions de la fassina -a excepci\u00f3 de la torre- per un import de 56.745,72\u20ac (IVA incl\u00f2s). Posteriorment, durant l\u2019estiu, es va tirar endavant l\u2019estudi geot\u00e8cnic per un import de 1.760,80\u20ac. Ara es licitar\u00e0 el servei de redacci\u00f3 del projecte de consolidaci\u00f3 i reforma de la torre de l\u2019edifici de la fassina i de l\u2019obra nova de naus per la brigada. Est\u00e0 previst que l\u2019obra es pugui executar el 2022.<\/p>\n\n\n\n<p>Val a dir que, tot i que inicialment es preveia una subvenci\u00f3 del Pla d\u2019Acci\u00f3 Municipal (PAM) per a aquesta inversi\u00f3, finalment s\u2019ha modificat el dest\u00ed del PAM i aquesta obra es finan\u00e7ar\u00e0 amb recursos propis.<\/p>\n\n\n\n<hr class=\"wp-block-separator\"\/>\n\n\n\n<p><strong>CASTELLANO |<\/strong>&nbsp;El Ayuntamiento de la Bisbal del Pened\u00e8s saca a concurso el servicio de redacci\u00f3n del proyecto de consolidaci\u00f3n y reforma de la torre del edificio de la&nbsp;<em>fassina&nbsp;<\/em>y de la obra nueva de naves para la brigada, por un importe de 35.295,70\u20ac y un plazo m\u00e1ximo de 2 meses para entregar el proyecto.<\/p>\n\n\n\n<p>Los interesados pueden presentarse a la licitaci\u00f3n desde hoy 28 de octubre hasta el 12 de noviembre de 2021 a las 15h.<\/p>\n\n\n\n<p>En este enlace al Perfil del Contratante pod\u00e9is consultar el pliego de prescripciones administrativas y t\u00e9cnicas:&nbsp;<a href=\"https:\/\/contractaciopublica.gencat.cat\/ecofin_pscp\/AppJava\/notice.pscp?reqCode=viewCn&amp;idDoc=90238578&amp;lawType=\">https:\/\/contractaciopublica.gencat.cat\/ecofin_pscp\/AppJava\/notice.pscp?reqCode=viewCn&amp;idDoc=90238578&amp;lawType=<\/a><\/p>\n\n\n\n<p>El Ayuntamiento de la Bisbal del Pened\u00e8s adquiri\u00f3 el edificio de la antigua&nbsp;<em>fassina<\/em>&nbsp;en mayo del 2019 con el objetivo de ubicar all\u00ed el almac\u00e9n municipal y destinar la torre de la construcci\u00f3n a local de ensayo de la Colla Castellera de La Bisbal del Pened\u00e8s. A principios del 2021 se derribaron las edificaciones de la&nbsp;<em>fassina<\/em>&nbsp;-a excepci\u00f3n de la torre- por un importe de 56.745,72\u20ac (IVA incluido). Posteriormente, durante el verano, se llev\u00f3 a cabo un estudio geot\u00e9cnico por un importe de 1.760,80\u20ac. Ahora se licitar\u00e1 el servicio de redacci\u00f3n del proyecto de consolidaci\u00f3n y reforma de la torre del edificio de la&nbsp;<em>fassina<\/em>&nbsp;y de la obra nueva de naves para la brigada. Est\u00e1 previsto que la obra se pueda ejecutar en el 2022.<\/p>\n\n\n\n<p>Cabe decir que, aunque inicialmente se preve\u00eda una subvenci\u00f3n del Plan de Acci\u00f3n Municipal (PAM) para esta inversi\u00f3n, finalmente se ha modificado el destino del PAM y esta obra se financiar\u00e1 con recursos propios.<\/p>\n","protected":false},"excerpt":{"rendered":"<p>L\u2019Ajuntament de la Bisbal del Pened\u00e8s treu a concurs el servei de redacci\u00f3 del projecte de consolidaci\u00f3 i reforma de la torre de l\u2019edifici de la fassina i de l\u2019obra &hellip; <a href=\"https:\/\/bisbalpenedes.com\/web\/2021\/10\/28\/es-treu-a-concurs-la-redaccio-del-projecte-de-consolidacio-i-reforma-de-la-fassina-i-de-lobra-nova-de-naus-per-a-la-brigada\/\" class=\"more-link\">Read More<\/a><\/p>\n","protected":false},"author":4,"featured_media":16502,"comment_status":"closed","ping_status":"closed","sticky":false,"template":"","format":"standard","meta":[],"categories":[8,15],"tags":[378,2462,4859,393,3504],"_links":{"self":[{"href":"https:\/\/bisbalpenedes.com\/web\/wp-json\/wp\/v2\/posts\/19727"}],"collection":[{"href":"https:\/\/bisbalpenedes.com\/web\/wp-json\/wp\/v2\/posts"}],"about":[{"href":"https:\/\/bisbalpenedes.com\/web\/wp-json\/wp\/v2\/types\/post"}],"author":[{"embeddable":true,"href":"https:\/\/bisbalpenedes.com\/web\/wp-json\/wp\/v2\/users\/4"}],"replies":[{"embeddable":true,"href":"https:\/\/bisbalpenedes.com\/web\/wp-json\/wp\/v2\/comments?post=19727"}],"version-history":[{"count":1,"href":"https:\/\/bisbalpenedes.com\/web\/wp-json\/wp\/v2\/posts\/19727\/revisions"}],"predecessor-version":[{"id":19728,"href":"https:\/\/bisbalpenedes.com\/web\/wp-json\/wp\/v2\/posts\/19727\/revisions\/19728"}],"wp:featuredmedia":[{"embeddable":true,"href":"https:\/\/bisbalpenedes.com\/web\/wp-json\/wp\/v2\/media\/16502"}],"wp:attachment":[{"href":"https:\/\/bisbalpenedes.com\/web\/wp-json\/wp\/v2\/media?parent=19727"}],"wp:term":[{"taxonomy":"category","embeddable":true,"href":"https:\/\/bisbalpenedes.com\/web\/wp-json\/wp\/v2\/categories?post=19727"},{"taxonomy":"post_tag","embeddable":true,"href":"https:\/\/bisbalpenedes.com\/web\/wp-json\/wp\/v2\/tags?post=19727"}],"curies":[{"name":"wp","href":"https:\/\/api.w.org\/{rel}","templated":true}]}}