{"id":19707,"date":"2021-10-28T08:45:00","date_gmt":"2021-10-28T06:45:00","guid":{"rendered":"https:\/\/bisbalpenedes.com\/web\/?p=19707"},"modified":"2021-10-27T11:59:15","modified_gmt":"2021-10-27T09:59:15","slug":"lajuntament-de-la-bisbal-del-penedes-commemorara-el-dia-mundial-en-record-de-les-victimes-daccidents-de-transit-el-21-de-novembre","status":"publish","type":"post","link":"https:\/\/bisbalpenedes.com\/web\/2021\/10\/28\/lajuntament-de-la-bisbal-del-penedes-commemorara-el-dia-mundial-en-record-de-les-victimes-daccidents-de-transit-el-21-de-novembre\/","title":{"rendered":"L\u2019Ajuntament de la Bisbal del Pened\u00e8s commemorar\u00e0 el Dia Mundial en record de les v\u00edctimes d\u2019accidents de tr\u00e0nsit el 21 de novembre"},"content":{"rendered":"\n<p>L\u2019alcaldessa de la Bisbal del Pened\u00e8s, Agn\u00e8s Ferr\u00e9, s\u2019ha reunit aquest dilluns 25 d\u2019octubre amb el president de l\u2019entitat \u2018Afectats Per Accidents de Tr\u00e0nsit \u2013 <a href=\"http:\/\/www.pat-apat.org\/\">AP(A)T\u2019<\/a>, Enrique Rodr\u00edguez. Aquesta associaci\u00f3 \u00e9s l\u2019encarregada d\u2019organitzar l\u2019activitat de prevenci\u00f3 de riscos de tr\u00e0nsit que any rere any es fa a l\u2019Institut Coster de la Torre a trav\u00e9s de Jove Baix Pened\u00e8s. Durant la reuni\u00f3 s\u2019ha acordat que el proper diumenge 21 de novembre, Dia Mundial en record de les v\u00edctimes d\u2019accidents de tr\u00e0nsit, es penjar\u00e0 una pancarta amb el s\u00edmbol contra la viol\u00e8ncia vi\u00e0ria -un lla\u00e7 negre que simula dos carrils d\u2019una carretera- a l\u2019Ajuntament. Segons l\u2019AP(A)T, aquest lla\u00e7 \u00e9s \u201cun s\u00edmbol per manifestar el nostre comprom\u00eds amb l\u2019objectiu de reduir les persones mortes i ferides als nostres carrers i carreteres i de no tolerar l\u2019incivisme i la delinq\u00fc\u00e8ncia vi\u00e0ria\u201d segons l\u2019AP(A)T.<\/p>\n\n\n\n<p>L\u2019entitat que presideix Rodr\u00edguez forma part de la P(A)T (Prevenci\u00f3 d\u2019Accidents de Tr\u00e0nsit) que \u00e9s una associaci\u00f3 sense \u00e0nim de lucre i declarada d\u2019utilitat p\u00fablica fundada el 1968 amb tres principals objectius:<\/p>\n\n\n\n<ul><li>\u201cLa reducci\u00f3 del nombre de persones que moren i resulten ferides en sinistres de tr\u00e0nsit i aconseguir una conviv\u00e8ncia pac\u00edfica i respectuosa en la mobilitat, fins a assolir que \u2018cap persona mori o resulti ferida pel simple fet de moure\u2019s pels carrers i carreteres del nostre pa\u00eds\u2019.<\/li><li>L\u2019ajuda orientaci\u00f3 i defensa dels drets de les v\u00edctimes, reclamant un tracte m\u00e9s respectu\u00f3s i just cap a les v\u00edctimes i afectats i una resposta m\u00e9s concordant a les necessitats i que repari els danys ocasionats per uns fets tolerats per la societat.<\/li><li>Defensar pol\u00edtiques que prioritzin els usuaris no motoritzats, la mobilitat m\u00e9s solid\u00e0ria, sostenible, saludable i segura, el respecte a la vida i la visibilitat de les conseq\u00fc\u00e8ncies dels sinistres de tr\u00e0nsit i defensa dels drets de les v\u00edctimes\u201d.<\/li><\/ul>\n\n\n\n<p>Podeu trobar m\u00e9s informaci\u00f3 sobre l\u2019entitat accedint a <a href=\"https:\/\/www.pat-apat.org\/\">https:\/\/www.pat-apat.org\/<\/a><\/p>\n\n\n\n<hr class=\"wp-block-separator\"\/>\n\n\n\n<p><strong>CASTELLANO |<\/strong> La alcaldesa de la Bisbal del Pened\u00e8s, Agn\u00e8s Ferr\u00e9, se ha reunido este lunes 25 de octubre con el presidente de la entidad \u2018Afectados Por Accidentes de tr\u00e1fico \u2013 AP(A)T, Enrique Rodr\u00edguez. Esta asociaci\u00f3n es la encargada de organizar la actividad de prevenci\u00f3n de riesgos de tr\u00e1fico que a\u00f1o tras a\u00f1o se hace en el Instituto Coster de la Torre a trav\u00e9s de Jove Baix Pened\u00e8s. Durante la reuni\u00f3n se ha acordado que el pr\u00f3ximo domingo 21 de noviembre, D\u00eda Mundial en recuerdo de las v\u00edctimas de accidentes de tr\u00e1fico, se colgar\u00e1 una pancarta con el s\u00edmbolo contra la violencia vial -un lazo negro que simula dos carriles de una carretera- el Ayuntamiento. Seg\u00fan la AP(A)T, este lazo es \u201cun s\u00edmbolo para manifestar nuestro compromiso con el objetivo de reducir las personas muertas y heridas en nuestras calles y carreteras y de no tolerar el incivismo y la delincuencia vial\u201d.<\/p>\n\n\n\n<p>La entidad que preside Rodr\u00edguez forma parte de la P(A)T (Prevenci\u00f3n de Accidentes de Tr\u00e1fico) que es una asociaci\u00f3n sin \u00e1nimo de lucro y declarada de utilidad p\u00fablica fundada en el 1968 con tres principales objetivos:<\/p>\n\n\n\n<ul><li>\u201cLa reducci\u00f3n del n\u00famero de personas que mueren y resultan heridas en siniestros de tr\u00e1fico y lograr una convivencia pac\u00edfica y respetuosa en la movilidad, hasta conseguir que \u2018ninguno persona muera o resulte herida por el simple hecho de moverse por las calles y carreteras de nuestro pa\u00eds\u2019.<\/li><li>La ayuda orientaci\u00f3n y defensa de los derechos de las v\u00edctimas, reclamando un trato m\u00e1s respetuoso y justo hacia las v\u00edctimas y afectados y una respuesta m\u00e1s acorde a las necesidades y que repare los da\u00f1os ocasionados por unos hechos tolerados por la sociedad.<\/li><li>Defender pol\u00edticas que prioricen a los usuarios no motorizados, la movilidad m\u00e1s solidaria, sostenible, saludable y segura, el respeto a la vida y la visibilidad de las consecuencias de los siniestros de tr\u00e1fico y defensa de los derechos de las v\u00edctimas\u201d.<\/li><\/ul>\n\n\n\n<p>Pod\u00e9is encontrar m\u00e1s informaci\u00f3n sobre la entidad accediendo a <a href=\"https:\/\/www.pat-apat.org\/\">https:\/\/www.pat-apat.org\/<\/a><\/p>\n","protected":false},"excerpt":{"rendered":"<p>L\u2019alcaldessa de la Bisbal del Pened\u00e8s, Agn\u00e8s Ferr\u00e9, s\u2019ha reunit aquest dilluns 25 d\u2019octubre amb el president de l\u2019entitat \u2018Afectats Per Accidents de Tr\u00e0nsit \u2013 AP(A)T\u2019, Enrique Rodr\u00edguez. Aquesta associaci\u00f3 &hellip; <a href=\"https:\/\/bisbalpenedes.com\/web\/2021\/10\/28\/lajuntament-de-la-bisbal-del-penedes-commemorara-el-dia-mundial-en-record-de-les-victimes-daccidents-de-transit-el-21-de-novembre\/\" class=\"more-link\">Read More<\/a><\/p>\n","protected":false},"author":4,"featured_media":19709,"comment_status":"closed","ping_status":"closed","sticky":false,"template":"","format":"standard","meta":[],"categories":[2057,20,3859,8],"tags":[4855,4853,4856,4857,393,4854,886],"_links":{"self":[{"href":"https:\/\/bisbalpenedes.com\/web\/wp-json\/wp\/v2\/posts\/19707"}],"collection":[{"href":"https:\/\/bisbalpenedes.com\/web\/wp-json\/wp\/v2\/posts"}],"about":[{"href":"https:\/\/bisbalpenedes.com\/web\/wp-json\/wp\/v2\/types\/post"}],"author":[{"embeddable":true,"href":"https:\/\/bisbalpenedes.com\/web\/wp-json\/wp\/v2\/users\/4"}],"replies":[{"embeddable":true,"href":"https:\/\/bisbalpenedes.com\/web\/wp-json\/wp\/v2\/comments?post=19707"}],"version-history":[{"count":1,"href":"https:\/\/bisbalpenedes.com\/web\/wp-json\/wp\/v2\/posts\/19707\/revisions"}],"predecessor-version":[{"id":19710,"href":"https:\/\/bisbalpenedes.com\/web\/wp-json\/wp\/v2\/posts\/19707\/revisions\/19710"}],"wp:featuredmedia":[{"embeddable":true,"href":"https:\/\/bisbalpenedes.com\/web\/wp-json\/wp\/v2\/media\/19709"}],"wp:attachment":[{"href":"https:\/\/bisbalpenedes.com\/web\/wp-json\/wp\/v2\/media?parent=19707"}],"wp:term":[{"taxonomy":"category","embeddable":true,"href":"https:\/\/bisbalpenedes.com\/web\/wp-json\/wp\/v2\/categories?post=19707"},{"taxonomy":"post_tag","embeddable":true,"href":"https:\/\/bisbalpenedes.com\/web\/wp-json\/wp\/v2\/tags?post=19707"}],"curies":[{"name":"wp","href":"https:\/\/api.w.org\/{rel}","templated":true}]}}