{"id":19700,"date":"2021-10-26T14:02:27","date_gmt":"2021-10-26T12:02:27","guid":{"rendered":"https:\/\/bisbalpenedes.com\/web\/?p=19700"},"modified":"2021-10-26T14:30:10","modified_gmt":"2021-10-26T12:30:10","slug":"lajuntament-de-la-bisbal-del-penedes-aprova-un-conveni-de-formacio-i-dinamitzacio-comercial-amb-la-cambra-de-comerc-de-tarragona","status":"publish","type":"post","link":"https:\/\/bisbalpenedes.com\/web\/2021\/10\/26\/lajuntament-de-la-bisbal-del-penedes-aprova-un-conveni-de-formacio-i-dinamitzacio-comercial-amb-la-cambra-de-comerc-de-tarragona\/","title":{"rendered":"L\u2019Ajuntament de la Bisbal del Pened\u00e8s aprova un conveni de formaci\u00f3 i dinamitzaci\u00f3 comercial amb la Cambra de Comer\u00e7 de Tarragona"},"content":{"rendered":"\n<p>La Junta de Govern Local del dilluns 25 d\u2019octubre de 2021 ha aprovat un conveni entre l\u2019Ajuntament de la Bisbal del Pened\u00e8s i la Cambra de Comer\u00e7 de Tarragona d\u2019una durada de quatre anys amb l\u2019objectiu de seguir promovent accions de millora en el desenvolupament de les activitats econ\u00f2miques del municipi que reverteixin en benefici de les empreses i els aut\u00f2noms, per poder facilitar, mantenir i incrementar la riquesa i els llocs de treball.<\/p>\n\n\n\n<p>L\u2019alcaldessa de la Bisbal del Pened\u00e8s, Agn\u00e8s Ferr\u00e9, ha explicat que \u201cvolem continuar realitzant accions formatives i de dinamitzaci\u00f3 del teixit comercial del municipi i, per aquest motiu, hem aprovat aquest conveni en qu\u00e8, anualment, aprovarem una addenda on s\u2019especificaran les accions a realitzar durant aquell any\u201d.<\/p>\n\n\n\n<p>En la mateixa Junta de Govern en qu\u00e8 s\u2019ha aprovat el conveni tamb\u00e9 s\u2019ha aprovat l\u2019addenda del darrer trimestre de 2021 amb un import de 9.000\u20ac que inclou la realitzaci\u00f3 de la promoci\u00f3 \u2018Rasca i Guanya\u2019 que es va dur a terme en el marc de la Fira de la Bisbal del Pened\u00e8s -del 24 de setembre al 3 d\u2019octubre- i la campanya \u2018Troba l\u2019arbre de Nadal\u2019, prevista per al proper mes de desembre, en ambd\u00f3s casos amb formaci\u00f3, tutories, coordinaci\u00f3 i suport en el desenvolupament de la campanya per part de la Cambra de Comer\u00e7 de Tarragona.<\/p>\n\n\n\n<p>El conveni aprovat vehicular\u00e0 les seves accions a trav\u00e9s de deu punts estrat\u00e8gics:<\/p>\n\n\n\n<ol><li>Accions de dinamitzaci\u00f3 amb l\u2019inter\u00e8s de reactivar l\u2019economia local a partir de promocions comercials dirigides als establiments comercials del municipi amb independ\u00e8ncia de l\u2019activitat econ\u00f2mica que realitzin.<\/li><li>L\u2019excel\u00b7l\u00e8ncia del mercat ambulant municipal.<\/li><li>Impulsar la fira anual o qualsevol esdeveniment de car\u00e0cter econ\u00f2mic i\/o empresarial.<\/li><li>Promoure programes de noves tecnologies adre\u00e7ats al comer\u00e7 electr\u00f2nic.<\/li><li>Estudis, plans o programes que afectin les activitats econ\u00f2miques del municipi.<\/li><li>Augmentar la competitivitat i professionalitzaci\u00f3 dels agents econ\u00f2mics i empresarials a partir de formacions especialitzades, assessoraments i atenci\u00f3 a consultes.<\/li><li>Foment de l\u2019associacionisme empresarial.<\/li><li>Consolidaci\u00f3 i foment de zones i eixos comercials i industrials del municipi.<\/li><li>Foment de l\u2019associacionisme empresarial.<\/li><li>Accions de reconeixement i suport al sector econ\u00f2mic del municipi.<\/li><\/ol>\n\n\n\n<p>La propera campanya comercial prevista es dur\u00e0 a terme del 10 al 18 de desembre de 2021 i porta per nom \u201cTroba l\u2019arbre de Nadal\u201d. L\u2019objectiu d\u2019aquesta ser\u00e0 incrementar la despesa de compra en els establiments de la Bisbal del Pened\u00e8s i introduir la venda en l\u00ednia als establiments locals. Les accions estrat\u00e8giques per incentivar les compres aniran acompanyades de formacions relacionades amb les xarxes socials Instagram i Facebook adre\u00e7ades als establiments comercials del municipi.<\/p>\n\n\n\n<hr class=\"wp-block-separator\"\/>\n\n\n\n<p>CASTELLANO | La Junta de Gobierno Local del lunes 25 de octubre de 2021 ha aprobado un convenio entre el Ayuntamiento de la Bisbal del Pened\u00e8s y la C\u00e1mara de Comercio de Tarragona de una duraci\u00f3n de cuatro a\u00f1os con el objetivo de seguir promoviendo acciones de mejora en el desarrollo de las actividades econ\u00f3micas del municipio que reviertan en beneficio de las empresas y los aut\u00f3nomos, para poder facilitar, mantener e incrementar la riqueza y los puestos de trabajo.<\/p>\n\n\n\n<p>La alcaldesa de la Bisbal del Pened\u00e8s, Agn\u00e8s Ferr\u00e9, ha explicado que \u201cqueremos seguir realizando acciones formativas y de dinamizaci\u00f3n del tejido comercial del municipio y, por este motivo, hemos aprobado este convenio del cual, anualmente, aprobaremos una adenda donde se especificar\u00e1n las acciones a realizar durante aquel a\u00f1o\u201d.<\/p>\n\n\n\n<p>En la misma Junta de Gobierno en que se ha aprobado el convenio tambi\u00e9n se ha aprobado la adenda del \u00faltimo trimestre de 2021 con un importe de 9.000\u20ac que incluye la realizaci\u00f3n de la promoci\u00f3n \u2018Rasca y Gana\u2019 que se llev\u00f3 a cabo en el marco de la Fira de la Bisbal del Pened\u00e8s -del 24 de septiembre al 3 de octubre- y la campa\u00f1a \u2018Troba l\u2019arbre de Nadal\u2019 (Encuentra el \u00e1rbol de Navidad), prevista para el pr\u00f3ximo mes de diciembre, en ambos casos con formaci\u00f3n, tutor\u00edas, coordinaci\u00f3n y apoyo en el desarrollo de la campa\u00f1a por parte de la C\u00e1mara de Comercio de Tarragona.<\/p>\n\n\n\n<p>El convenio aprobado vehicular\u00e1 sus acciones a trav\u00e9s de diez puntos estrat\u00e9gicos:<\/p>\n\n\n\n<ol><li>Acciones de dinamizaci\u00f3n con el inter\u00e9s de reactivar la econom\u00eda local a partir de promociones comerciales dirigidas a los establecimientos comerciales del municipio con independencia de la actividad econ\u00f3mica que realicen.<\/li><li>La excelencia del mercadillo municipal.<\/li><li>Impulsar la feria anual o cualquier acontecimiento de car\u00e1cter econ\u00f3mico y\/o empresarial.<\/li><li>Promover programas de nuevas tecnolog\u00edas dirigidos al comercio electr\u00f3nico.<\/li><li>Estudios, planes o programas que afecten las actividades econ\u00f3micas del municipio.<\/li><li>Aumentar la competitividad y profesionalizaci\u00f3n de los agentes econ\u00f3micos y empresariales a partir de formaciones especializadas, asesoramientos y atenci\u00f3n a consultas.<\/li><li>Fomento del asociacionismo empresarial.<\/li><li>Consolidaci\u00f3n y fomento de zonas y ejes comerciales e industriales del municipio.<\/li><li>Fomento del asociacionismo empresarial.<\/li><li>Acciones de reconocimiento y apoyo al sector econ\u00f3mico del municipio.<\/li><\/ol>\n\n\n\n<p>La pr\u00f3xima campa\u00f1a comercial prevista se llevar\u00e1 a cabo del 10 al 18 de diciembre de 2021 y lleva por nombre \u2018Troba l\u2019arbre de Nadal\u2019 (Encuentra el \u00e1rbol de Navidad). El objetivo de la misma ser\u00e1 incrementar el gasto de compra en los establecimientos de la Bisbal del Pened\u00e8s e introducir la venta en l\u00ednea en los establecimientos locales. Las acciones estrat\u00e9gicas para incentivar las compras ir\u00e1n acompa\u00f1adas de formaciones relacionadas con las redes sociales Instagram y Facebook dirigidas a los establecimientos comerciales del municipio.<\/p>\n","protected":false},"excerpt":{"rendered":"<p>La Junta de Govern Local del dilluns 25 d\u2019octubre de 2021 ha aprovat un conveni entre l\u2019Ajuntament de la Bisbal del Pened\u00e8s i la Cambra de Comer\u00e7 de Tarragona d\u2019una &hellip; <a href=\"https:\/\/bisbalpenedes.com\/web\/2021\/10\/26\/lajuntament-de-la-bisbal-del-penedes-aprova-un-conveni-de-formacio-i-dinamitzacio-comercial-amb-la-cambra-de-comerc-de-tarragona\/\" class=\"more-link\">Read More<\/a><\/p>\n","protected":false},"author":4,"featured_media":19705,"comment_status":"closed","ping_status":"closed","sticky":false,"template":"","format":"standard","meta":[],"categories":[3860,3085,8,9],"tags":[4081,4852,440,4270,686,393],"_links":{"self":[{"href":"https:\/\/bisbalpenedes.com\/web\/wp-json\/wp\/v2\/posts\/19700"}],"collection":[{"href":"https:\/\/bisbalpenedes.com\/web\/wp-json\/wp\/v2\/posts"}],"about":[{"href":"https:\/\/bisbalpenedes.com\/web\/wp-json\/wp\/v2\/types\/post"}],"author":[{"embeddable":true,"href":"https:\/\/bisbalpenedes.com\/web\/wp-json\/wp\/v2\/users\/4"}],"replies":[{"embeddable":true,"href":"https:\/\/bisbalpenedes.com\/web\/wp-json\/wp\/v2\/comments?post=19700"}],"version-history":[{"count":1,"href":"https:\/\/bisbalpenedes.com\/web\/wp-json\/wp\/v2\/posts\/19700\/revisions"}],"predecessor-version":[{"id":19703,"href":"https:\/\/bisbalpenedes.com\/web\/wp-json\/wp\/v2\/posts\/19700\/revisions\/19703"}],"wp:featuredmedia":[{"embeddable":true,"href":"https:\/\/bisbalpenedes.com\/web\/wp-json\/wp\/v2\/media\/19705"}],"wp:attachment":[{"href":"https:\/\/bisbalpenedes.com\/web\/wp-json\/wp\/v2\/media?parent=19700"}],"wp:term":[{"taxonomy":"category","embeddable":true,"href":"https:\/\/bisbalpenedes.com\/web\/wp-json\/wp\/v2\/categories?post=19700"},{"taxonomy":"post_tag","embeddable":true,"href":"https:\/\/bisbalpenedes.com\/web\/wp-json\/wp\/v2\/tags?post=19700"}],"curies":[{"name":"wp","href":"https:\/\/api.w.org\/{rel}","templated":true}]}}