{"id":19688,"date":"2021-10-26T11:30:12","date_gmt":"2021-10-26T09:30:12","guid":{"rendered":"https:\/\/bisbalpenedes.com\/web\/?p=19688"},"modified":"2025-07-29T12:16:39","modified_gmt":"2025-07-29T10:16:39","slug":"la-junta-de-govern-modifica-la-planificacio-quadriennal-del-pam-i-les-inversions-de-desti-de-les-subvencions","status":"publish","type":"post","link":"https:\/\/bisbalpenedes.com\/web\/2021\/10\/26\/la-junta-de-govern-modifica-la-planificacio-quadriennal-del-pam-i-les-inversions-de-desti-de-les-subvencions\/","title":{"rendered":"La Junta de Govern modifica la planificaci\u00f3 quadriennal del PAM i les inversions de dest\u00ed de les subvencions"},"content":{"rendered":"\n<p>La Junta de Govern del dilluns 25 d\u2019octubre ha aprovat la modificaci\u00f3 de la planificaci\u00f3 quadriennal del PAM i el dest\u00ed de les subvencions. El juny de 2020 es va aprovar la sol\u00b7licitud de la subvenci\u00f3 del PAM 2020-2023 de la Diputaci\u00f3 de Tarragona i la seva planificaci\u00f3 per Junta de Govern, havent acordat que els 589.258,89\u20ac de subvenci\u00f3 es destinarien als seg\u00fcents projectes:<\/p>\n\n\n\n<ul><li>Ampliaci\u00f3\/reforma del local social de Can Gordei<\/li><li>Arranjament de \u201cLa Fassina\u201d<\/li><li>Ampliaci\u00f3 del local social del Priorat<\/li><li>Arranjament d\u2019infraestructures del barri de la Riba (xarxa d\u2019aigua, enllumenat p\u00fablic, soterrament de cablejat&#8230;)<\/li><li>Inversi\u00f3 en l\u2019arranjament del cam\u00ed del Priorat.<\/li><\/ul>\n\n\n\n<p>La modificaci\u00f3 aprovada en la Junta de Govern d\u2019aquest dilluns canvia la planificaci\u00f3 quadriennal del PAM i el dest\u00ed de les subvencions. Amb aquesta modificaci\u00f3, el dest\u00ed dels 589.258,98\u20ac de les subvencions ser\u00e0 el seg\u00fcent:<\/p>\n\n\n\n<ul><li>Per iniciar al 2020: Ampliaci\u00f3\/reforma del local social de Can Gordei, amb un import de 53.164,47\u20ac de subvenci\u00f3.<\/li><li>Per iniciar al 2021: Ampliaci\u00f3 del local social del Priorat, amb un import de 51.314,89\u20ac de subvenci\u00f3.<\/li><li>Per iniciar al 2023: Arranjament d\u2019infraestructures del barri de la Riba (xarxa d\u2019aigua, enllumenat p\u00fablic&#8230;), amb un import de subvenci\u00f3 de 484.779,53\u20ac<strong>.<\/strong><\/li><\/ul>\n\n\n\n<p>Amb aquesta modificaci\u00f3 hi ha dues inversions que es retiren d\u2019aquesta subvenci\u00f3 i es finan\u00e7ar\u00e0 amb recursos propis. Es tracta de l\u2019arranjament de \u2018la fassina\u2019, que es far\u00e0 el 2022; i l\u2019arranjament del cam\u00ed del Priorat, que es far\u00e0 el 2023 i que en aquests moments es troba en fase de redacci\u00f3 del projecte.<\/p>\n\n\n\n<figure class=\"wp-block-image size-full\"><img loading=\"lazy\" width=\"778\" height=\"203\" src=\"https:\/\/bisbalpenedes.com\/web\/wp-content\/uploads\/2024\/11\/diputacio_tarrafona_DIPTA_H_bn.png\" alt=\"\" class=\"wp-image-32443\" srcset=\"https:\/\/bisbalpenedes.com\/web\/wp-content\/uploads\/2024\/11\/diputacio_tarrafona_DIPTA_H_bn.png 778w, https:\/\/bisbalpenedes.com\/web\/wp-content\/uploads\/2024\/11\/diputacio_tarrafona_DIPTA_H_bn-300x78.png 300w, https:\/\/bisbalpenedes.com\/web\/wp-content\/uploads\/2024\/11\/diputacio_tarrafona_DIPTA_H_bn-768x200.png 768w, https:\/\/bisbalpenedes.com\/web\/wp-content\/uploads\/2024\/11\/diputacio_tarrafona_DIPTA_H_bn-600x157.png 600w\" sizes=\"(max-width: 778px) 100vw, 778px\" \/><\/figure>\n\n\n\n<hr class=\"wp-block-separator has-css-opacity\"\/>\n\n\n\n<p><strong>CASTELLANO |<\/strong>&nbsp;La Junta de Gobierno del lunes 25 de octubre ha aprobado la modificaci\u00f3n de la planificaci\u00f3n cuatrienal del PAM y el destino de las subvenciones. En junio de 2020 se aprob\u00f3 la solicitud de la subvenci\u00f3n del PAM 2020-2023 de la Diputaci\u00f3n de Tarragona y su planificaci\u00f3n por Junta de Gobierno, habiendo acordado que los 589.258,89\u20ac de subvenci\u00f3n se destinar\u00edan a los siguientes proyectos:<\/p>\n\n\n\n<ul><li>Ampliaci\u00f3n\/reforma del local social de Can Gordei<\/li><li>Arreglo de \u201cLa Fassina\u201d<\/li><li>Ampliaci\u00f3n del local social del Priorat<\/li><li>Arreglo de infraestructuras del barrio de la Riba (red de agua, alumbrado p\u00fablico, soterramiento de cableado&#8230;)<\/li><li>Inversi\u00f3n en el arreglo del camino del Priorat.<\/li><\/ul>\n\n\n\n<p>La modificaci\u00f3n aprobada en la Junta de Gobierno de este lunes cambia la planificaci\u00f3n cuatrienal del PAM y el destino de las subvenciones. Con esta modificaci\u00f3n, el destino de los 589.258,98\u20ac de las subvenciones ser\u00e1 el siguiente:<\/p>\n\n\n\n<ul><li>Para iniciar en el 2020: Ampliaci\u00f3n\/reforma del local social de Can Gordei, con un importe de 53.164,47\u20ac de subvenci\u00f3n.<\/li><li>Para iniciar en el 2021: Ampliaci\u00f3n del local social del Priorat, con un importe de 51.314,89\u20ac de subvenci\u00f3n.<\/li><li>Para iniciar al 2023: Arreglo de infraestructuras del barrio de la Riba (red de agua, alumbrado p\u00fablico&#8230;), con un importe de subvenci\u00f3n de 484.779,53\u20ac.<\/li><\/ul>\n\n\n\n<p>Con esta modificaci\u00f3n hay dos inversiones que se retiran de esta subvenci\u00f3n y se financiar\u00e1 con recursos propios. Se trata del arreglo de \u2018la fassina\u2019, que se har\u00e1 el 2022; y el arreglo del camino del Priorat, que se har\u00e1 el 2023 y que en estos momentos se encuentra en fase de redacci\u00f3n del proyecto.<\/p>\n","protected":false},"excerpt":{"rendered":"<p>La Junta de Govern del dilluns 25 d\u2019octubre ha aprovat la modificaci\u00f3 de la planificaci\u00f3 quadriennal del PAM i el dest\u00ed de les subvencions. El juny de 2020 es va &hellip; <a href=\"https:\/\/bisbalpenedes.com\/web\/2021\/10\/26\/la-junta-de-govern-modifica-la-planificacio-quadriennal-del-pam-i-les-inversions-de-desti-de-les-subvencions\/\" class=\"more-link\">Read More<\/a><\/p>\n","protected":false},"author":4,"featured_media":19144,"comment_status":"closed","ping_status":"closed","sticky":false,"template":"","format":"standard","meta":[],"categories":[2057,8],"tags":[673,686,777,4850,2765,4851],"_links":{"self":[{"href":"https:\/\/bisbalpenedes.com\/web\/wp-json\/wp\/v2\/posts\/19688"}],"collection":[{"href":"https:\/\/bisbalpenedes.com\/web\/wp-json\/wp\/v2\/posts"}],"about":[{"href":"https:\/\/bisbalpenedes.com\/web\/wp-json\/wp\/v2\/types\/post"}],"author":[{"embeddable":true,"href":"https:\/\/bisbalpenedes.com\/web\/wp-json\/wp\/v2\/users\/4"}],"replies":[{"embeddable":true,"href":"https:\/\/bisbalpenedes.com\/web\/wp-json\/wp\/v2\/comments?post=19688"}],"version-history":[{"count":3,"href":"https:\/\/bisbalpenedes.com\/web\/wp-json\/wp\/v2\/posts\/19688\/revisions"}],"predecessor-version":[{"id":34324,"href":"https:\/\/bisbalpenedes.com\/web\/wp-json\/wp\/v2\/posts\/19688\/revisions\/34324"}],"wp:featuredmedia":[{"embeddable":true,"href":"https:\/\/bisbalpenedes.com\/web\/wp-json\/wp\/v2\/media\/19144"}],"wp:attachment":[{"href":"https:\/\/bisbalpenedes.com\/web\/wp-json\/wp\/v2\/media?parent=19688"}],"wp:term":[{"taxonomy":"category","embeddable":true,"href":"https:\/\/bisbalpenedes.com\/web\/wp-json\/wp\/v2\/categories?post=19688"},{"taxonomy":"post_tag","embeddable":true,"href":"https:\/\/bisbalpenedes.com\/web\/wp-json\/wp\/v2\/tags?post=19688"}],"curies":[{"name":"wp","href":"https:\/\/api.w.org\/{rel}","templated":true}]}}