{"id":19669,"date":"2021-10-27T12:00:00","date_gmt":"2021-10-27T10:00:00","guid":{"rendered":"https:\/\/bisbalpenedes.com\/web\/?p=19669"},"modified":"2021-10-25T10:13:31","modified_gmt":"2021-10-25T08:13:31","slug":"lalcaldessa-agnes-ferre-ha-participat-en-la-tertulia-del-programa-televisiu-espai-public-2030-com-a-batllesa-i-representant-dels-municipis-de-lacm","status":"publish","type":"post","link":"https:\/\/bisbalpenedes.com\/web\/2021\/10\/27\/lalcaldessa-agnes-ferre-ha-participat-en-la-tertulia-del-programa-televisiu-espai-public-2030-com-a-batllesa-i-representant-dels-municipis-de-lacm\/","title":{"rendered":"L\u2019alcaldessa Agn\u00e8s Ferr\u00e9 ha participat en la tert\u00falia del programa televisiu \u2018Espai P\u00fablic 2030\u2019 com a batllesa i representant dels municipis de l&#8217;ACM"},"content":{"rendered":"\n<p>L\u2019alcaldessa de la Bisbal del Pened\u00e8s, Agn\u00e8s Ferr\u00e9, va participar en la tert\u00falia de la primera entrega del programa&nbsp; televisiu \u2018Espai P\u00fablic 2030\u2019 de La Xarxa Audiovisual Local com a alcaldessa del nostre municipi i representant de tots els muncipis membres de l\u2019Associaci\u00f3 de Municipis de Catalunya (ACM). L\u2019espai es va fer a la Casa Gomis, ubicada a l\u2019espai de la Ricarda, al Prat de Llobregat i es va emetre el diumenge 24 d\u2019octubre a les 22.45h a trav\u00e9s de la Xarxa de Comunicaci\u00f3 Local.<\/p>\n\n\n\n<p>El programa \u2018Espai P\u00fablic 2030\u2019 \u00c9s un espai centrat en divulgar, debatre i con\u00e8ixer l\u2019Agenda 2030 de Desenvolupament Sostenible aprovada per les Nacions Unides l\u2019any 2015 amb els objectius d\u2019erradicar la pobresa, lluitar contra la desigualtat i la injust\u00edcia i posar fre al canvi clim\u00e0tic, entre altres. Al programa de diumenge s\u2019hi van abordar temes com l\u2019ampliaci\u00f3 de l\u2019Aeroport del Prat, les l\u00ednies de Molt Alta Tensi\u00f3 o el creixement econ\u00f2mic vs. la preservaci\u00f3 del medi ambient.<\/p>\n\n\n\n<p>A m\u00e9s de l\u2019alcaldessa de la Bisbal del Pened\u00e8s, Agn\u00e8s Ferr\u00e9, a la tert\u00falia hi van participar: Maria Garcia (portaveu de Zeroport), Narc\u00eds Prat (catedr\u00e0tic em\u00e8rit d\u2019Ecologia de la UB), Joaquim Llans\u00f3 (enginyer, vicepresident de Foment del Treball, president de la Cambra Oficial de Contractistes d\u2019Obres de Catalunya), Eloi Nolla (Ecologistes en Acci\u00f3, activista i ecologista) i \u00d2scar Oliver (professor de la UPC School).<\/p>\n\n\n\n<p>A m\u00e9s d\u2019aquesta tert\u00falia, el programa fa oferir un reportatge sobre l\u2019ampliaci\u00f3 de l\u2019aeroport del Prat, un espai sobre problemes del territori similars (com ara la MAT), un cara a cara entre les periodistes Josep Mart\u00ed i Blanch i Antonio Ba\u00f1os i una entrevista amb la investigadora Marta Torres Gunfaus, enginyera industrial i investigadora en Pol\u00edtiques del Clima a l\u2019IDDRI.<\/p>\n\n\n\n<p>Podeu veure el programa \u00edntegre en aquest enlla\u00e7:&nbsp;<a href=\"http:\/\/www.alacarta.cat\/espaipublic2030\" target=\"_blank\" rel=\"noreferrer noopener\">http:\/\/www.alacarta.cat\/espaipublic2030<\/a><\/p>\n\n\n\n<p>Tamb\u00e9 el podeu veure o escoltar en diversos Canals de televisi\u00f3 i r\u00e0dio.&nbsp; Trobareu el detall de les emissions aqu\u00ed:&nbsp;<a href=\"http:\/\/www.alacarta.cat\/espaipublic2030\/emissio\" target=\"_blank\" rel=\"noreferrer noopener\">http:\/\/www.alacarta.cat\/espaipublic2030\/emissio<\/a><\/p>\n\n\n\n<hr class=\"wp-block-separator\"\/>\n\n\n\n<p><strong>CASTELLANO |<\/strong>&nbsp;La alcaldesa de la Bisbal del Pened\u00e8s, Agn\u00e8s Ferr\u00e9, particip\u00f3 en la tertulia de la primera entrega del programa televisivo \u2018Espai P\u00fablic 2030\u2019 de La Xarxa Audiovisual Local como alcaldesa de nuestro municipio y representante de todos los municipios miembros de la Associaci\u00f3 de Municipis de Catalunya (ACM). El espacio se realiz\u00f3 desde la Casa Gomis, ubicada en el espacio de la Ricarda, en el Prat de Llobregat, y se emiti\u00f3 el domingo 24 de octubre a las 22.45h a trav\u00e9s de la Xarxa de Comunicaci\u00f3 Local.<\/p>\n\n\n\n<p>El programa \u2018Espai p\u00fablic 2030\u2019 es un espacio centrado en divulgar, debatir i conocer la Agenda 2030 de Desarrollo Sostenible aprobada por las Naciones Unidas en el a\u00f1o 2015 con los objetivos de erradicar la pobreza, luchar contra la desigualdad y la injustica y poner freno al cambio clim\u00e1tico, entre otros. En el programa del domingo se abordaron temas como la ampliaci\u00f3n del Aeropuerto del Prat, las l\u00edneas de Muy Alta Tensi\u00f3n o el crecimiento econ\u00f3mico vs. la preservaci\u00f3n del medio ambiente.<\/p>\n\n\n\n<p>Adem\u00e1s de la alcaldesa de la Bisbal del Pened\u00e8s, Agn\u00e8s Ferr\u00e9, en la tertulia participaron: Maria Gracia (portavoz de Zeroport), Narc\u00eds Prat (catedr\u00e1tico em\u00e9rito de Ecolog\u00eda de la UB), Joaquim Llans\u00f3 (ingeniero, vicepresidente de Fomento del Trabajo, presidente de la C\u00e1mara Oficial de Contratistas de Obras de Catalunya), Eloi Nolla (Ecologistes en Acci\u00f3, activista y ecologista) y \u00d3scar Oliver (profesor de la UPC School).<\/p>\n\n\n\n<p>Adem\u00e1s de esta tertulia, el programa ofreci\u00f3 un reportaje sobre la ampliaci\u00f3n del aeropuerto del Prat, un espacio sobre problemas del territorio similares (como por ejemplo la MAT), un cara a cara entre los periodistas Josep Mart\u00ed Blanch y Antonio Ba\u00f1os y una entrevista con la investigadora Marta Torres Gunfaus, ingeniera industrial e investigadora en Pol\u00edticas del Clima en el IDDRI.<\/p>\n\n\n\n<p>Pod\u00e9is ver el programa \u00edntegro en este enlace:&nbsp;<a href=\"http:\/\/www.alacarta.cat\/espaipublic2030\" target=\"_blank\" rel=\"noreferrer noopener\">http:\/\/www.alacarta.cat\/espaipublic2030<\/a><\/p>\n\n\n\n<p>Tambi\u00e9n lo pod\u00e9is ver o escuchar en varios Canales de televisi\u00f3n y radio. Encontrar\u00e9is el detalle de las emisiones aqu\u00ed:\u00a0<a rel=\"noreferrer noopener\" href=\"http:\/\/www.alacarta.cat\/espaipublic2030\/emissio\" target=\"_blank\">http:\/\/www.alacarta.cat\/espaipublic2030\/emissio<\/a><\/p>\n\n\n\n<figure class=\"wp-container-2 wp-block-gallery-1 wp-block-gallery columns-3 is-cropped\"><ul class=\"blocks-gallery-grid\"><li class=\"blocks-gallery-item\"><figure><img loading=\"lazy\" width=\"1024\" height=\"768\" src=\"https:\/\/bisbalpenedes.com\/web\/wp-content\/uploads\/2021\/10\/XARXA-TV-FOTO-1-1-1024x768.jpeg\" alt=\"\" data-id=\"19672\" data-full-url=\"https:\/\/bisbalpenedes.com\/web\/wp-content\/uploads\/2021\/10\/XARXA-TV-FOTO-1-1.jpeg\" data-link=\"https:\/\/bisbalpenedes.com\/web\/?attachment_id=19672\" class=\"wp-image-19672\" srcset=\"https:\/\/bisbalpenedes.com\/web\/wp-content\/uploads\/2021\/10\/XARXA-TV-FOTO-1-1-1024x768.jpeg 1024w, https:\/\/bisbalpenedes.com\/web\/wp-content\/uploads\/2021\/10\/XARXA-TV-FOTO-1-1-600x450.jpeg 600w, https:\/\/bisbalpenedes.com\/web\/wp-content\/uploads\/2021\/10\/XARXA-TV-FOTO-1-1-300x225.jpeg 300w, https:\/\/bisbalpenedes.com\/web\/wp-content\/uploads\/2021\/10\/XARXA-TV-FOTO-1-1-768x576.jpeg 768w, https:\/\/bisbalpenedes.com\/web\/wp-content\/uploads\/2021\/10\/XARXA-TV-FOTO-1-1-1536x1152.jpeg 1536w, https:\/\/bisbalpenedes.com\/web\/wp-content\/uploads\/2021\/10\/XARXA-TV-FOTO-1-1.jpeg 2048w\" sizes=\"(max-width: 1024px) 100vw, 1024px\" \/><\/figure><\/li><li class=\"blocks-gallery-item\"><figure><img loading=\"lazy\" width=\"1024\" height=\"768\" src=\"https:\/\/bisbalpenedes.com\/web\/wp-content\/uploads\/2021\/10\/XARXA-TV-FOTO-2-1024x768.jpeg\" alt=\"\" data-id=\"19673\" data-full-url=\"https:\/\/bisbalpenedes.com\/web\/wp-content\/uploads\/2021\/10\/XARXA-TV-FOTO-2.jpeg\" data-link=\"https:\/\/bisbalpenedes.com\/web\/?attachment_id=19673\" class=\"wp-image-19673\" srcset=\"https:\/\/bisbalpenedes.com\/web\/wp-content\/uploads\/2021\/10\/XARXA-TV-FOTO-2-1024x768.jpeg 1024w, https:\/\/bisbalpenedes.com\/web\/wp-content\/uploads\/2021\/10\/XARXA-TV-FOTO-2-600x450.jpeg 600w, https:\/\/bisbalpenedes.com\/web\/wp-content\/uploads\/2021\/10\/XARXA-TV-FOTO-2-300x225.jpeg 300w, https:\/\/bisbalpenedes.com\/web\/wp-content\/uploads\/2021\/10\/XARXA-TV-FOTO-2-768x576.jpeg 768w, https:\/\/bisbalpenedes.com\/web\/wp-content\/uploads\/2021\/10\/XARXA-TV-FOTO-2-1536x1152.jpeg 1536w, https:\/\/bisbalpenedes.com\/web\/wp-content\/uploads\/2021\/10\/XARXA-TV-FOTO-2.jpeg 2048w\" sizes=\"(max-width: 1024px) 100vw, 1024px\" \/><\/figure><\/li><li class=\"blocks-gallery-item\"><figure><img loading=\"lazy\" width=\"1024\" height=\"768\" src=\"https:\/\/bisbalpenedes.com\/web\/wp-content\/uploads\/2021\/10\/XARXA-TV-FOTO-3-1024x768.jpeg\" alt=\"\" data-id=\"19674\" data-full-url=\"https:\/\/bisbalpenedes.com\/web\/wp-content\/uploads\/2021\/10\/XARXA-TV-FOTO-3.jpeg\" data-link=\"https:\/\/bisbalpenedes.com\/web\/?attachment_id=19674\" class=\"wp-image-19674\" srcset=\"https:\/\/bisbalpenedes.com\/web\/wp-content\/uploads\/2021\/10\/XARXA-TV-FOTO-3-1024x768.jpeg 1024w, https:\/\/bisbalpenedes.com\/web\/wp-content\/uploads\/2021\/10\/XARXA-TV-FOTO-3-600x450.jpeg 600w, https:\/\/bisbalpenedes.com\/web\/wp-content\/uploads\/2021\/10\/XARXA-TV-FOTO-3-300x225.jpeg 300w, https:\/\/bisbalpenedes.com\/web\/wp-content\/uploads\/2021\/10\/XARXA-TV-FOTO-3-768x576.jpeg 768w, https:\/\/bisbalpenedes.com\/web\/wp-content\/uploads\/2021\/10\/XARXA-TV-FOTO-3-1536x1152.jpeg 1536w, https:\/\/bisbalpenedes.com\/web\/wp-content\/uploads\/2021\/10\/XARXA-TV-FOTO-3.jpeg 2048w\" sizes=\"(max-width: 1024px) 100vw, 1024px\" \/><\/figure><\/li><li class=\"blocks-gallery-item\"><figure><img loading=\"lazy\" width=\"1024\" height=\"768\" src=\"https:\/\/bisbalpenedes.com\/web\/wp-content\/uploads\/2021\/10\/XARXA-TV-FOTO-4-1024x768.jpeg\" alt=\"\" data-id=\"19675\" data-full-url=\"https:\/\/bisbalpenedes.com\/web\/wp-content\/uploads\/2021\/10\/XARXA-TV-FOTO-4.jpeg\" data-link=\"https:\/\/bisbalpenedes.com\/web\/?attachment_id=19675\" class=\"wp-image-19675\" srcset=\"https:\/\/bisbalpenedes.com\/web\/wp-content\/uploads\/2021\/10\/XARXA-TV-FOTO-4-1024x768.jpeg 1024w, https:\/\/bisbalpenedes.com\/web\/wp-content\/uploads\/2021\/10\/XARXA-TV-FOTO-4-600x450.jpeg 600w, https:\/\/bisbalpenedes.com\/web\/wp-content\/uploads\/2021\/10\/XARXA-TV-FOTO-4-300x225.jpeg 300w, https:\/\/bisbalpenedes.com\/web\/wp-content\/uploads\/2021\/10\/XARXA-TV-FOTO-4-768x576.jpeg 768w, https:\/\/bisbalpenedes.com\/web\/wp-content\/uploads\/2021\/10\/XARXA-TV-FOTO-4-1536x1152.jpeg 1536w, https:\/\/bisbalpenedes.com\/web\/wp-content\/uploads\/2021\/10\/XARXA-TV-FOTO-4.jpeg 2048w\" sizes=\"(max-width: 1024px) 100vw, 1024px\" \/><\/figure><\/li><\/ul><\/figure>\n","protected":false},"excerpt":{"rendered":"<p>L\u2019alcaldessa de la Bisbal del Pened\u00e8s, Agn\u00e8s Ferr\u00e9, va participar en la tert\u00falia de la primera entrega del programa&nbsp; televisiu \u2018Espai P\u00fablic 2030\u2019 de La Xarxa Audiovisual Local com a &hellip; <a href=\"https:\/\/bisbalpenedes.com\/web\/2021\/10\/27\/lalcaldessa-agnes-ferre-ha-participat-en-la-tertulia-del-programa-televisiu-espai-public-2030-com-a-batllesa-i-representant-dels-municipis-de-lacm\/\" class=\"more-link\">Read More<\/a><\/p>\n","protected":false},"author":4,"featured_media":19671,"comment_status":"closed","ping_status":"closed","sticky":false,"template":"","format":"standard","meta":[],"categories":[2057,8],"tags":[874,1151,1252,4848,393,4847],"_links":{"self":[{"href":"https:\/\/bisbalpenedes.com\/web\/wp-json\/wp\/v2\/posts\/19669"}],"collection":[{"href":"https:\/\/bisbalpenedes.com\/web\/wp-json\/wp\/v2\/posts"}],"about":[{"href":"https:\/\/bisbalpenedes.com\/web\/wp-json\/wp\/v2\/types\/post"}],"author":[{"embeddable":true,"href":"https:\/\/bisbalpenedes.com\/web\/wp-json\/wp\/v2\/users\/4"}],"replies":[{"embeddable":true,"href":"https:\/\/bisbalpenedes.com\/web\/wp-json\/wp\/v2\/comments?post=19669"}],"version-history":[{"count":1,"href":"https:\/\/bisbalpenedes.com\/web\/wp-json\/wp\/v2\/posts\/19669\/revisions"}],"predecessor-version":[{"id":19676,"href":"https:\/\/bisbalpenedes.com\/web\/wp-json\/wp\/v2\/posts\/19669\/revisions\/19676"}],"wp:featuredmedia":[{"embeddable":true,"href":"https:\/\/bisbalpenedes.com\/web\/wp-json\/wp\/v2\/media\/19671"}],"wp:attachment":[{"href":"https:\/\/bisbalpenedes.com\/web\/wp-json\/wp\/v2\/media?parent=19669"}],"wp:term":[{"taxonomy":"category","embeddable":true,"href":"https:\/\/bisbalpenedes.com\/web\/wp-json\/wp\/v2\/categories?post=19669"},{"taxonomy":"post_tag","embeddable":true,"href":"https:\/\/bisbalpenedes.com\/web\/wp-json\/wp\/v2\/tags?post=19669"}],"curies":[{"name":"wp","href":"https:\/\/api.w.org\/{rel}","templated":true}]}}