{"id":19665,"date":"2021-10-25T16:55:00","date_gmt":"2021-10-25T14:55:00","guid":{"rendered":"https:\/\/bisbalpenedes.com\/web\/?p=19665"},"modified":"2021-10-25T12:53:39","modified_gmt":"2021-10-25T10:53:39","slug":"a-partir-del-mes-de-desembre-el-servei-de-recollida-de-poda-funcionara-tot-lany-i-la-recollida-es-fara-porta-a-porta","status":"publish","type":"post","link":"https:\/\/bisbalpenedes.com\/web\/2021\/10\/25\/a-partir-del-mes-de-desembre-el-servei-de-recollida-de-poda-funcionara-tot-lany-i-la-recollida-es-fara-porta-a-porta\/","title":{"rendered":"A partir del mes de desembre el servei de recollida de poda funcionar\u00e0 tot l&#8217;any i la recollida es far\u00e0 porta a porta"},"content":{"rendered":"\n<p>Us informem que, a partir de desembre, el servei de recollida de poda funcionar\u00e0 diferent.<\/p>\n\n\n\n<p>Fins ara, cada any s\u2019instal\u00b7laven contenidors de poda des de finals de novembre o comen\u00e7aments de desembre fins a la Setmana Santa. A partir d\u2019enguany modifiquem el servei. Aquest nou servei comen\u00e7ar\u00e0 al desembre i els canvis m\u00e9s importants seran els seg\u00fcents:<\/p>\n\n\n\n<ul><li>El servei es far\u00e0 durant tot l\u2019any<\/li><li>Es far\u00e0 recollida porta a porta, dos dies al mes, previ av\u00eds del ve\u00ed o la ve\u00efna que vulgui que passem per casa seva a recollir les restes de poda.<\/li><\/ul>\n\n\n\n<p>Durant el mes de novembre publicarem tota la informaci\u00f3 sobre el funcionament del nou servei.<\/p>\n\n\n\n<hr class=\"wp-block-separator\"\/>\n\n\n\n<p>Os informamos de que, a partir del mes de diciembre, el servicio de recogida de poda funcionar\u00e1 de una manera distinta. Hasta ahora, cada a\u00f1o se instalaban contenedores de poda desde finales de noviembre o principios de diciembre hasta Semana Santa. A partir de este a\u00f1o modificamos el Servicio. Este nuevo servicio empezar\u00e1 en diciembre y los cambios m\u00e1s importantes ser\u00e1n los siguientes:<\/p>\n\n\n\n<ul><li>El Servicio se har\u00e1 durante todo el a\u00f1o<\/li><li>Se har\u00e1 recogida Puerta por Puerta, dos d\u00edas al mes, previo aviso del vecino o la vecina que quiera que pasemos por su casa a recoger los restos de poda.<\/li><\/ul>\n\n\n\n<p>Durante el mes de noviembre publicaremos toda la informaci\u00f3n sobre el funcionamiento del nuevo Servicio.<\/p>\n","protected":false},"excerpt":{"rendered":"<p>Us informem que, a partir de desembre, el servei de recollida de poda funcionar\u00e0 diferent. Fins ara, cada any s\u2019instal\u00b7laven contenidors de poda des de finals de novembre o comen\u00e7aments &hellip; <a href=\"https:\/\/bisbalpenedes.com\/web\/2021\/10\/25\/a-partir-del-mes-de-desembre-el-servei-de-recollida-de-poda-funcionara-tot-lany-i-la-recollida-es-fara-porta-a-porta\/\" class=\"more-link\">Read More<\/a><\/p>\n","protected":false},"author":4,"featured_media":19667,"comment_status":"closed","ping_status":"closed","sticky":false,"template":"","format":"standard","meta":[],"categories":[3215,8],"tags":[1479,393,1730,4846],"_links":{"self":[{"href":"https:\/\/bisbalpenedes.com\/web\/wp-json\/wp\/v2\/posts\/19665"}],"collection":[{"href":"https:\/\/bisbalpenedes.com\/web\/wp-json\/wp\/v2\/posts"}],"about":[{"href":"https:\/\/bisbalpenedes.com\/web\/wp-json\/wp\/v2\/types\/post"}],"author":[{"embeddable":true,"href":"https:\/\/bisbalpenedes.com\/web\/wp-json\/wp\/v2\/users\/4"}],"replies":[{"embeddable":true,"href":"https:\/\/bisbalpenedes.com\/web\/wp-json\/wp\/v2\/comments?post=19665"}],"version-history":[{"count":2,"href":"https:\/\/bisbalpenedes.com\/web\/wp-json\/wp\/v2\/posts\/19665\/revisions"}],"predecessor-version":[{"id":19677,"href":"https:\/\/bisbalpenedes.com\/web\/wp-json\/wp\/v2\/posts\/19665\/revisions\/19677"}],"wp:featuredmedia":[{"embeddable":true,"href":"https:\/\/bisbalpenedes.com\/web\/wp-json\/wp\/v2\/media\/19667"}],"wp:attachment":[{"href":"https:\/\/bisbalpenedes.com\/web\/wp-json\/wp\/v2\/media?parent=19665"}],"wp:term":[{"taxonomy":"category","embeddable":true,"href":"https:\/\/bisbalpenedes.com\/web\/wp-json\/wp\/v2\/categories?post=19665"},{"taxonomy":"post_tag","embeddable":true,"href":"https:\/\/bisbalpenedes.com\/web\/wp-json\/wp\/v2\/tags?post=19665"}],"curies":[{"name":"wp","href":"https:\/\/api.w.org\/{rel}","templated":true}]}}