{"id":19654,"date":"2021-10-22T11:02:06","date_gmt":"2021-10-22T09:02:06","guid":{"rendered":"https:\/\/bisbalpenedes.com\/web\/?p=19654"},"modified":"2021-10-22T11:04:14","modified_gmt":"2021-10-22T09:04:14","slug":"avui-divendres-22-doctubre-han-entrat-en-vigor-noves-mesures-per-la-covid-19","status":"publish","type":"post","link":"https:\/\/bisbalpenedes.com\/web\/2021\/10\/22\/avui-divendres-22-doctubre-han-entrat-en-vigor-noves-mesures-per-la-covid-19\/","title":{"rendered":"Avui divendres 22 d\u2019octubre han entrat en vigor noves mesures per la COVID-19"},"content":{"rendered":"\n<p>Avui divendres 22 d\u2019octubre han entrat en vigor noves mesures per la COVID-19. Per a m\u00e9s informaci\u00f3 podeu accedir a:\u00a0<a href=\"https:\/\/canalsalut.gencat.cat\/ca\/salut-a-z\/c\/coronavirus-2019-ncov\/ciutadania\/mesures\/22-octubre\/\" target=\"_blank\" rel=\"noreferrer noopener\">https:\/\/canalsalut.gencat.cat\/ca\/salut-a-z\/c\/coronavirus-2019-ncov\/ciutadania\/mesures\/22-octubre\/<\/a><\/p>\n\n\n\n<hr class=\"wp-block-separator\"\/>\n\n\n\n<p>Hoy viernes 22 de octubre han entrado en vigor nuevas medidas por la COVID-19.Para m\u00e1s informaci\u00f3n pod\u00e9is acceder a:\u00a0<a rel=\"noreferrer noopener\" href=\"https:\/\/canalsalut.gencat.cat\/ca\/salut-a-z\/c\/coronavirus-2019-ncov\/ciutadania\/mesures\/22-octubre\/\" target=\"_blank\">https:\/\/canalsalut.gencat.cat\/ca\/salut-a-z\/c\/coronavirus-2019-ncov\/ciutadania\/mesures\/22-octubre\/<\/a><\/p>\n\n\n\n<figure class=\"wp-block-image size-large\"><img loading=\"lazy\" width=\"726\" height=\"1024\" src=\"https:\/\/bisbalpenedes.com\/web\/wp-content\/uploads\/2021\/10\/mesures-22-octubre-726x1024.jpg\" alt=\"\" class=\"wp-image-19655\" srcset=\"https:\/\/bisbalpenedes.com\/web\/wp-content\/uploads\/2021\/10\/mesures-22-octubre-726x1024.jpg 726w, https:\/\/bisbalpenedes.com\/web\/wp-content\/uploads\/2021\/10\/mesures-22-octubre-600x847.jpg 600w, https:\/\/bisbalpenedes.com\/web\/wp-content\/uploads\/2021\/10\/mesures-22-octubre-213x300.jpg 213w, https:\/\/bisbalpenedes.com\/web\/wp-content\/uploads\/2021\/10\/mesures-22-octubre-768x1084.jpg 768w, https:\/\/bisbalpenedes.com\/web\/wp-content\/uploads\/2021\/10\/mesures-22-octubre.jpg 841w\" sizes=\"(max-width: 726px) 100vw, 726px\" \/><\/figure>\n","protected":false},"excerpt":{"rendered":"<p>Avui divendres 22 d\u2019octubre han entrat en vigor noves mesures per la COVID-19. Per a m\u00e9s informaci\u00f3 podeu accedir a:\u00a0https:\/\/canalsalut.gencat.cat\/ca\/salut-a-z\/c\/coronavirus-2019-ncov\/ciutadania\/mesures\/22-octubre\/ Hoy viernes 22 de octubre han entrado en vigor nuevas &hellip; <a href=\"https:\/\/bisbalpenedes.com\/web\/2021\/10\/22\/avui-divendres-22-doctubre-han-entrat-en-vigor-noves-mesures-per-la-covid-19\/\" class=\"more-link\">Read More<\/a><\/p>\n","protected":false},"author":4,"featured_media":19656,"comment_status":"closed","ping_status":"closed","sticky":false,"template":"","format":"standard","meta":[],"categories":[3636,4095,8,14],"tags":[3550,3559,393,82,4096],"_links":{"self":[{"href":"https:\/\/bisbalpenedes.com\/web\/wp-json\/wp\/v2\/posts\/19654"}],"collection":[{"href":"https:\/\/bisbalpenedes.com\/web\/wp-json\/wp\/v2\/posts"}],"about":[{"href":"https:\/\/bisbalpenedes.com\/web\/wp-json\/wp\/v2\/types\/post"}],"author":[{"embeddable":true,"href":"https:\/\/bisbalpenedes.com\/web\/wp-json\/wp\/v2\/users\/4"}],"replies":[{"embeddable":true,"href":"https:\/\/bisbalpenedes.com\/web\/wp-json\/wp\/v2\/comments?post=19654"}],"version-history":[{"count":2,"href":"https:\/\/bisbalpenedes.com\/web\/wp-json\/wp\/v2\/posts\/19654\/revisions"}],"predecessor-version":[{"id":19658,"href":"https:\/\/bisbalpenedes.com\/web\/wp-json\/wp\/v2\/posts\/19654\/revisions\/19658"}],"wp:featuredmedia":[{"embeddable":true,"href":"https:\/\/bisbalpenedes.com\/web\/wp-json\/wp\/v2\/media\/19656"}],"wp:attachment":[{"href":"https:\/\/bisbalpenedes.com\/web\/wp-json\/wp\/v2\/media?parent=19654"}],"wp:term":[{"taxonomy":"category","embeddable":true,"href":"https:\/\/bisbalpenedes.com\/web\/wp-json\/wp\/v2\/categories?post=19654"},{"taxonomy":"post_tag","embeddable":true,"href":"https:\/\/bisbalpenedes.com\/web\/wp-json\/wp\/v2\/tags?post=19654"}],"curies":[{"name":"wp","href":"https:\/\/api.w.org\/{rel}","templated":true}]}}