{"id":19638,"date":"2021-10-19T08:00:00","date_gmt":"2021-10-19T06:00:00","guid":{"rendered":"https:\/\/bisbalpenedes.com\/web\/?p=19638"},"modified":"2021-10-18T20:07:03","modified_gmt":"2021-10-18T18:07:03","slug":"aquest-dissabte-23-doctubre-podeu-fer-un-recorregut-pel-passat-associatiu-del-municipi-al-cmc","status":"publish","type":"post","link":"https:\/\/bisbalpenedes.com\/web\/2021\/10\/19\/aquest-dissabte-23-doctubre-podeu-fer-un-recorregut-pel-passat-associatiu-del-municipi-al-cmc\/","title":{"rendered":"Aquest dissabte 23 d&#8217;octubre podeu fer un recorregut pel passat associatiu del municipi al CMC"},"content":{"rendered":"\n<p>La Federaci\u00f3 d\u2019Ateneus, amb el suport de la Societat, ha organitzat una ruta pel passat associatiu i els antics espais hist\u00f2rics i atene\u00edstics dels pobles de Vila-Rodona, La Bisbal del Pened\u00e8s i Lloren\u00e7 del Pened\u00e8s, amb l\u2019objectiu de con\u00e8ixer de la m\u00e0 dels historiadors locals el passat de cada poble i de les seves entitats culturals.<\/p>\n\n\n\n<p>A la Bisbal del Pened\u00e8s l\u2019activitat est\u00e0 prevista per al dissabte 23 d\u2019octubre, a les 10h, al Centre Municipal de Cultura i versar\u00e0 sobre el nostre municipi i sobre el municipi de Lloren\u00e7. La durada prevista de l\u2019activitat \u00e9s de quatre hores.<\/p>\n\n\n\n<p>Per assistir-hi \u00e9s imprescindible que us hi inscriviu pr\u00e8viament, entrant a l\u2019enlla\u00e7: <a href=\"https:\/\/www.cutt.ly\/GEZxsGW?fbclid=IwAR2MMnImvawSv_wkqf5IyNjnKEBiT0-NtPhavnpDtjY7NPh60Uqid8ixyXU\">https:\/\/www.cutt.ly\/GEZxsGW<\/a><\/p>\n\n\n\n<hr class=\"wp-block-separator\"\/>\n\n\n\n<p>La Federaci\u00f3 d\u2019Ateneus, con el apoyo de la Societat, ha organizado una ruta por el pasado asociativo y los antiguos espacios hist\u00f3ricos y ateneos de los pueblos de Vila-Rodona, La Bisbal del Pened\u00e8s y Lloren\u00e7 del Pened\u00e8s, con el objetivo de conocer de la mano de los historiadores locales el pasado de cada pueblo y de sus entidades culturales.<\/p>\n\n\n\n<p>En la Bisbal del Pened\u00e8s la actividad est\u00e1 prevista para el s\u00e1bado 23 de octubre, a las 10h, en el Centre Municipal de Cultura y tratar\u00e1 sobre nuestro municipio y sobre el municipio de Lloren\u00e7. La duraci\u00f3n prevista de la actividad es de cuatro horas.<\/p>\n\n\n\n<p>Para asistir al acto es imprescindible que os inscrib\u00e1is al mismo previamente, entrando al enlace: <a href=\"https:\/\/www.cutt.ly\/GEZxsGW?fbclid=IwAR2MMnImvawSv_wkqf5IyNjnKEBiT0-NtPhavnpDtjY7NPh60Uqid8ixyXU\">https:\/\/www.cutt.ly\/GEZxsGW<\/a><\/p>\n\n\n\n<p><\/p>\n","protected":false},"excerpt":{"rendered":"<p>La Federaci\u00f3 d\u2019Ateneus, amb el suport de la Societat, ha organitzat una ruta pel passat associatiu i els antics espais hist\u00f2rics i atene\u00edstics dels pobles de Vila-Rodona, La Bisbal del &hellip; <a href=\"https:\/\/bisbalpenedes.com\/web\/2021\/10\/19\/aquest-dissabte-23-doctubre-podeu-fer-un-recorregut-pel-passat-associatiu-del-municipi-al-cmc\/\" class=\"more-link\">Read More<\/a><\/p>\n","protected":false},"author":4,"featured_media":19639,"comment_status":"closed","ping_status":"closed","sticky":false,"template":"","format":"standard","meta":[],"categories":[20,8],"tags":[4841,393,2776],"_links":{"self":[{"href":"https:\/\/bisbalpenedes.com\/web\/wp-json\/wp\/v2\/posts\/19638"}],"collection":[{"href":"https:\/\/bisbalpenedes.com\/web\/wp-json\/wp\/v2\/posts"}],"about":[{"href":"https:\/\/bisbalpenedes.com\/web\/wp-json\/wp\/v2\/types\/post"}],"author":[{"embeddable":true,"href":"https:\/\/bisbalpenedes.com\/web\/wp-json\/wp\/v2\/users\/4"}],"replies":[{"embeddable":true,"href":"https:\/\/bisbalpenedes.com\/web\/wp-json\/wp\/v2\/comments?post=19638"}],"version-history":[{"count":1,"href":"https:\/\/bisbalpenedes.com\/web\/wp-json\/wp\/v2\/posts\/19638\/revisions"}],"predecessor-version":[{"id":19640,"href":"https:\/\/bisbalpenedes.com\/web\/wp-json\/wp\/v2\/posts\/19638\/revisions\/19640"}],"wp:featuredmedia":[{"embeddable":true,"href":"https:\/\/bisbalpenedes.com\/web\/wp-json\/wp\/v2\/media\/19639"}],"wp:attachment":[{"href":"https:\/\/bisbalpenedes.com\/web\/wp-json\/wp\/v2\/media?parent=19638"}],"wp:term":[{"taxonomy":"category","embeddable":true,"href":"https:\/\/bisbalpenedes.com\/web\/wp-json\/wp\/v2\/categories?post=19638"},{"taxonomy":"post_tag","embeddable":true,"href":"https:\/\/bisbalpenedes.com\/web\/wp-json\/wp\/v2\/tags?post=19638"}],"curies":[{"name":"wp","href":"https:\/\/api.w.org\/{rel}","templated":true}]}}