{"id":19628,"date":"2021-10-18T19:08:26","date_gmt":"2021-10-18T17:08:26","guid":{"rendered":"https:\/\/bisbalpenedes.com\/web\/?p=19628"},"modified":"2021-10-18T19:09:54","modified_gmt":"2021-10-18T17:09:54","slug":"avui-dilluns-lassociacio-de-veins-del-barri-del-priorat-de-la-bisbal-al-registre-dentitats-i-associacions-de-lajuntament-de-la-bisbal-del-penedes-es-tracta-duna-entitat-de","status":"publish","type":"post","link":"https:\/\/bisbalpenedes.com\/web\/2021\/10\/18\/avui-dilluns-lassociacio-de-veins-del-barri-del-priorat-de-la-bisbal-al-registre-dentitats-i-associacions-de-lajuntament-de-la-bisbal-del-penedes-es-tracta-duna-entitat-de\/","title":{"rendered":"Una nova entitat -l&#8217;\u201cAssociaci\u00f3 de ve\u00efns del barri del Priorat de La Bisbal\u201d- ha fet arribar a l&#8217;Ajuntament la documentaci\u00f3 per entrar a formar part del registre d&#8217;entitats i associacions de l&#8217;Ajuntament de La Bisbal del Pened\u00e8s"},"content":{"rendered":"\n<p>Aquest dilluns 18 d\u2019octubre una nova entitat ha entrat per registre, a l\u2019Ajuntament de la Bisbal del Pened\u00e8s, els documents per donar-se d\u2019alta al registre d\u2019entitats i associacions de l\u2019Ajuntament de la Bisbal del Pened\u00e8s. Es tracta de l\u2019entitat \u201cAssociaci\u00f3 de ve\u00efns del barri del Priorat de La Bisbal\u201d. A m\u00e9s, han volgut presentar-se a l\u2019alcaldessa i al regidor de Barris per explicar les inquietuds i la il\u00b7lusi\u00f3 que tenen de formar aquesta nova entitat, que vol ser \u201cdin\u00e0mica i per a totes les persones del Priorat\u201d, tal com ha explicat la seva presidenta, Ana Mimbrero. L\u2019objectiu de l\u2019associaci\u00f3 \u00e9s promoure, organitzar i fomentar activitats culturals, l\u00fadiques, esportives i, en general, qualsevol activitat que contribueixi a la millora de la conviv\u00e8ncia ve\u00efnal.<\/p>\n\n\n\n<p>L\u2019alcaldessa de la Bisbal del Pened\u00e8s, Agn\u00e8s Ferr\u00e9, ha explicat que \u201cens sentim orgullosos de l\u2019associacionisme del municipi i ens n\u2019alegrem perqu\u00e8 ara es veu ampliat amb aquesta nova associaci\u00f3\u201d.<\/p>\n\n\n\n<p>A la fotografia apareix tota la junta: presidenta, Ana Mimbrero; Vicepresidenta, Nina M\u00e1rmol; secret\u00e0ria, Nieves Lorenzo; Tresorera, Elvira Mendes; i els sis vocals: Marta Ram\u00edrez, Sonia Onses, Andres Toral, Jordi Gonz\u00e1lez, Claudio Ruiz i Alejandro Mar\u00edn; amb l\u2019alcaldessa Agn\u00e8s Ferr\u00e9 i el regidor de Barris, Feliu Gil.<\/p>\n\n\n\n<p>Si esteu interessats o interessades a formar part de l\u2019entitat i estar al dia de les activitats que organitza i promou, podeu contactar amb l\u2019associaci\u00f3 per Facebook, entrant a l\u2019enlla\u00e7: <a href=\"https:\/\/www.facebook.com\/profile.php?id=100073698288988\">https:\/\/www.facebook.com\/profile.php?id=100073698288988<\/a><\/p>\n\n\n\n<hr class=\"wp-block-separator\"\/>\n\n\n\n<p>Este lunes 18 de octubre una nueva entidad ha entrado por registro, en el Ayuntamiento de la Bisbal del Pened\u00e8s, los documentos para darse de alta en el registro de entidades y asociaciones del Ayuntamiento de la Bisbal del Pened\u00e8s. Se trata de la entidad \u201cAssociaci\u00f3 de ve\u00efns del barri del Priorat de La Bisbal\u201d. Adem\u00e1s, han querido presentarse a la alcaldesa y al concejal de Barrios para explicar las inquietudes y la ilusi\u00f3n que tienen de formar esta nueva entidad, que quiere ser \u201cdin\u00e1mica y para todas las personas del Priorato\u201d, tal como ha explicado su presidenta, Ana Mimbrero. El objetivo de la asociaci\u00f3n es promover, organizar y fomentar actividades culturales, l\u00fadicas, deportivas y, en general, cualquier actividad que contribuya a la mejora de la convivencia vecinal.<\/p>\n\n\n\n<p>La alcaldesa de la Bisbal del Pened\u00e8s, Agn\u00e8s Ferr\u00e9, ha explicado que \u201cnos sentimos orgullosos del asociacionismo del municipio y nos alegramos porque ahora se ve ampliado con esta nueva asociaci\u00f3n\u201d.<\/p>\n\n\n\n<p>En la fotograf\u00eda aparece toda la junta: presidenta, Ana Mimbrero; vicepresidenta, Nina M\u00e1rmol; secretaria, Nieves Lozano; tesorera, Elvira Mendes; y los seis vocales: Marta Ram\u00edrez, Sonia Onses, Andres Toral, Jordi Gonz\u00e1lez, Claudio Ruiz y Alejandro Mar\u00edn; con la alcaldesa Agn\u00e8s Ferr\u00e9 y el concejal de Barrios, Feliu Gil.<\/p>\n\n\n\n<p>Si est\u00e1is interesados o interesadas en formar parte de la entidad y en estar al d\u00eda de las actividades que organiza y promueve, pod\u00e9is contactar con la asociaci\u00f3n por Facebook, entrando en el enlace: <a href=\"https:\/\/www.facebook.com\/profile.php?id=100073698288988\">https:\/\/www.facebook.com\/profile.php?id=100073698288988<\/a><\/p>\n","protected":false},"excerpt":{"rendered":"<p>Aquest dilluns 18 d\u2019octubre una nova entitat ha entrat per registre, a l\u2019Ajuntament de la Bisbal del Pened\u00e8s, els documents per donar-se d\u2019alta al registre d\u2019entitats i associacions de l\u2019Ajuntament &hellip; <a href=\"https:\/\/bisbalpenedes.com\/web\/2021\/10\/18\/avui-dilluns-lassociacio-de-veins-del-barri-del-priorat-de-la-bisbal-al-registre-dentitats-i-associacions-de-lajuntament-de-la-bisbal-del-penedes-es-tracta-duna-entitat-de\/\" class=\"more-link\">Read More<\/a><\/p>\n","protected":false},"author":4,"featured_media":19629,"comment_status":"closed","ping_status":"closed","sticky":false,"template":"","format":"standard","meta":[],"categories":[4287,20,8],"tags":[4839,470,77,393,520],"_links":{"self":[{"href":"https:\/\/bisbalpenedes.com\/web\/wp-json\/wp\/v2\/posts\/19628"}],"collection":[{"href":"https:\/\/bisbalpenedes.com\/web\/wp-json\/wp\/v2\/posts"}],"about":[{"href":"https:\/\/bisbalpenedes.com\/web\/wp-json\/wp\/v2\/types\/post"}],"author":[{"embeddable":true,"href":"https:\/\/bisbalpenedes.com\/web\/wp-json\/wp\/v2\/users\/4"}],"replies":[{"embeddable":true,"href":"https:\/\/bisbalpenedes.com\/web\/wp-json\/wp\/v2\/comments?post=19628"}],"version-history":[{"count":3,"href":"https:\/\/bisbalpenedes.com\/web\/wp-json\/wp\/v2\/posts\/19628\/revisions"}],"predecessor-version":[{"id":19632,"href":"https:\/\/bisbalpenedes.com\/web\/wp-json\/wp\/v2\/posts\/19628\/revisions\/19632"}],"wp:featuredmedia":[{"embeddable":true,"href":"https:\/\/bisbalpenedes.com\/web\/wp-json\/wp\/v2\/media\/19629"}],"wp:attachment":[{"href":"https:\/\/bisbalpenedes.com\/web\/wp-json\/wp\/v2\/media?parent=19628"}],"wp:term":[{"taxonomy":"category","embeddable":true,"href":"https:\/\/bisbalpenedes.com\/web\/wp-json\/wp\/v2\/categories?post=19628"},{"taxonomy":"post_tag","embeddable":true,"href":"https:\/\/bisbalpenedes.com\/web\/wp-json\/wp\/v2\/tags?post=19628"}],"curies":[{"name":"wp","href":"https:\/\/api.w.org\/{rel}","templated":true}]}}