{"id":19625,"date":"2021-10-19T06:00:00","date_gmt":"2021-10-19T04:00:00","guid":{"rendered":"https:\/\/bisbalpenedes.com\/web\/?p=19625"},"modified":"2021-10-18T18:55:33","modified_gmt":"2021-10-18T16:55:33","slug":"la-casa-de-la-vila-silluminara-de-color-rosa-avui-dimarts-amb-motiu-del-dia-mundial-contra-el-cancer-de-mama","status":"publish","type":"post","link":"https:\/\/bisbalpenedes.com\/web\/2021\/10\/19\/la-casa-de-la-vila-silluminara-de-color-rosa-avui-dimarts-amb-motiu-del-dia-mundial-contra-el-cancer-de-mama\/","title":{"rendered":"La Casa de la Vila s&#8217;il\u00b7luminar\u00e0 de color rosa avui dimarts amb motiu del Dia Mundial Contra el C\u00e0ncer de Mama"},"content":{"rendered":"\n<p>L\u2019Ajuntament de la Bisbal del Pened\u00e8s s\u2019il\u00b7luminar\u00e0 de color rosa avui dimarts 19 d\u2019octubre, al vespre, amb motiu del Dia Mundial Contra el C\u00e0ncer de Mama, una commemoraci\u00f3 que pret\u00e9n conscienciar la poblaci\u00f3 de la import\u00e0ncia del diagn\u00f2stic preco\u00e7 del c\u00e0ncer de mama. Aquest, \u00e9s el tumor m\u00e9s freq\u00fcent en dones d\u2019arreu del m\u00f3n i un diagn\u00f2stic preco\u00e7 pot ser clau per v\u00e8ncer en la lluita contra la malaltia.<\/p>\n\n\n\n<p>Podeu trobar m\u00e9s informaci\u00f3 sobre aquest tipus de c\u00e0ncer a: <a href=\"https:\/\/canalsalut.gencat.cat\/ca\/actualitat\/dies-mundials\/dia-mundial-contra-el-cancer-de-mama\/\" target=\"_blank\" rel=\"noreferrer noopener\">https:\/\/canalsalut.gencat.cat\/ca\/actualitat\/dies-mundials\/dia-mundial-contra-el-cancer-de-mama\/ <\/a><\/p>\n\n\n\n<hr class=\"wp-block-separator\"\/>\n\n\n\n<p>El Ayuntamiento de la Bisbal del Pened\u00e8s se iluminar\u00e1 de color verde hoy martes 19 de octubre, al anochecer, con motivo del D\u00eda Mundial Contra el C\u00e1ncer de Mama, una conmemoraci\u00f3n que pretende concienciar a la poblaci\u00f3n de la importancia del diagn\u00f3stico precoz del c\u00e1ncer de mama. Este es el tumor m\u00e1s frecuente en mujeres de todo el mundo y un diagn\u00f3stico precoz puede ser clave para vencer en la lucha contra la enfermedad. Pod\u00e9is encontrar m\u00e1s informaci\u00f3n sobre este tipo de c\u00e1ncer en: <a href=\"https:\/\/canalsalut.gencat.cat\/ca\/actualitat\/dies-mundials\/dia-mundial-contra-el-cancer-de-mama\/\">https:\/\/canalsalut.gencat.cat\/ca\/actualitat\/dies-mundials\/dia-mundial-contra-el-cancer-de-mama\/<\/a><\/p>\n\n\n\n<p>#SanitatBisbalPened\u00e8s #LaBisbalDelPened\u00e8s #BaixPened\u00e8s #Pened\u00e8s #DiaDelCancerDeMama<\/p>\n","protected":false},"excerpt":{"rendered":"<p>L\u2019Ajuntament de la Bisbal del Pened\u00e8s s\u2019il\u00b7luminar\u00e0 de color rosa avui dimarts 19 d\u2019octubre, al vespre, amb motiu del Dia Mundial Contra el C\u00e0ncer de Mama, una commemoraci\u00f3 que pret\u00e9n &hellip; <a href=\"https:\/\/bisbalpenedes.com\/web\/2021\/10\/19\/la-casa-de-la-vila-silluminara-de-color-rosa-avui-dimarts-amb-motiu-del-dia-mundial-contra-el-cancer-de-mama\/\" class=\"more-link\">Read More<\/a><\/p>\n","protected":false},"author":4,"featured_media":19626,"comment_status":"closed","ping_status":"closed","sticky":false,"template":"","format":"standard","meta":[],"categories":[2402,8,14],"tags":[4838,393,28],"_links":{"self":[{"href":"https:\/\/bisbalpenedes.com\/web\/wp-json\/wp\/v2\/posts\/19625"}],"collection":[{"href":"https:\/\/bisbalpenedes.com\/web\/wp-json\/wp\/v2\/posts"}],"about":[{"href":"https:\/\/bisbalpenedes.com\/web\/wp-json\/wp\/v2\/types\/post"}],"author":[{"embeddable":true,"href":"https:\/\/bisbalpenedes.com\/web\/wp-json\/wp\/v2\/users\/4"}],"replies":[{"embeddable":true,"href":"https:\/\/bisbalpenedes.com\/web\/wp-json\/wp\/v2\/comments?post=19625"}],"version-history":[{"count":1,"href":"https:\/\/bisbalpenedes.com\/web\/wp-json\/wp\/v2\/posts\/19625\/revisions"}],"predecessor-version":[{"id":19627,"href":"https:\/\/bisbalpenedes.com\/web\/wp-json\/wp\/v2\/posts\/19625\/revisions\/19627"}],"wp:featuredmedia":[{"embeddable":true,"href":"https:\/\/bisbalpenedes.com\/web\/wp-json\/wp\/v2\/media\/19626"}],"wp:attachment":[{"href":"https:\/\/bisbalpenedes.com\/web\/wp-json\/wp\/v2\/media?parent=19625"}],"wp:term":[{"taxonomy":"category","embeddable":true,"href":"https:\/\/bisbalpenedes.com\/web\/wp-json\/wp\/v2\/categories?post=19625"},{"taxonomy":"post_tag","embeddable":true,"href":"https:\/\/bisbalpenedes.com\/web\/wp-json\/wp\/v2\/tags?post=19625"}],"curies":[{"name":"wp","href":"https:\/\/api.w.org\/{rel}","templated":true}]}}