{"id":19621,"date":"2021-10-18T17:58:41","date_gmt":"2021-10-18T15:58:41","guid":{"rendered":"https:\/\/bisbalpenedes.com\/web\/?p=19621"},"modified":"2021-10-18T17:58:41","modified_gmt":"2021-10-18T15:58:41","slug":"el-dimarts-19-i-el-dimecres-20-doctubre-la-baixada-del-pont-estara-tallada-al-transit-de-vehicles-per-obres","status":"publish","type":"post","link":"https:\/\/bisbalpenedes.com\/web\/2021\/10\/18\/el-dimarts-19-i-el-dimecres-20-doctubre-la-baixada-del-pont-estara-tallada-al-transit-de-vehicles-per-obres\/","title":{"rendered":"El dimarts 19 i el dimecres 20 d&#8217;octubre la baixada del pont estar\u00e0 tallada al tr\u00e0nsit de vehicles per obres"},"content":{"rendered":"\n<p>El dimarts 19 i el dimecres 20 d&#8217;octubre, la baixada del pont estar\u00e0 tallada al tr\u00e0nsit de vehicles per obres, disculpeu les mol\u00e8sties.<\/p>\n\n\n\n<hr class=\"wp-block-separator\"\/>\n\n\n\n<p>El martes 19 y el mi\u00e9rcoles 20 de octubre, la bajada del puente estar\u00e1 cortada al tr\u00e1fico de vehiculos por obras, disculpad las molestias<\/p>\n","protected":false},"excerpt":{"rendered":"<p>El dimarts 19 i el dimecres 20 d&#8217;octubre, la baixada del pont estar\u00e0 tallada al tr\u00e0nsit de vehicles per obres, disculpeu les mol\u00e8sties. El martes 19 y el mi\u00e9rcoles 20 &hellip; <a href=\"https:\/\/bisbalpenedes.com\/web\/2021\/10\/18\/el-dimarts-19-i-el-dimecres-20-doctubre-la-baixada-del-pont-estara-tallada-al-transit-de-vehicles-per-obres\/\" class=\"more-link\">Read More<\/a><\/p>\n","protected":false},"author":4,"featured_media":19622,"comment_status":"closed","ping_status":"closed","sticky":false,"template":"","format":"standard","meta":[],"categories":[3482,8],"tags":[4613,4837,4836,393],"_links":{"self":[{"href":"https:\/\/bisbalpenedes.com\/web\/wp-json\/wp\/v2\/posts\/19621"}],"collection":[{"href":"https:\/\/bisbalpenedes.com\/web\/wp-json\/wp\/v2\/posts"}],"about":[{"href":"https:\/\/bisbalpenedes.com\/web\/wp-json\/wp\/v2\/types\/post"}],"author":[{"embeddable":true,"href":"https:\/\/bisbalpenedes.com\/web\/wp-json\/wp\/v2\/users\/4"}],"replies":[{"embeddable":true,"href":"https:\/\/bisbalpenedes.com\/web\/wp-json\/wp\/v2\/comments?post=19621"}],"version-history":[{"count":1,"href":"https:\/\/bisbalpenedes.com\/web\/wp-json\/wp\/v2\/posts\/19621\/revisions"}],"predecessor-version":[{"id":19623,"href":"https:\/\/bisbalpenedes.com\/web\/wp-json\/wp\/v2\/posts\/19621\/revisions\/19623"}],"wp:featuredmedia":[{"embeddable":true,"href":"https:\/\/bisbalpenedes.com\/web\/wp-json\/wp\/v2\/media\/19622"}],"wp:attachment":[{"href":"https:\/\/bisbalpenedes.com\/web\/wp-json\/wp\/v2\/media?parent=19621"}],"wp:term":[{"taxonomy":"category","embeddable":true,"href":"https:\/\/bisbalpenedes.com\/web\/wp-json\/wp\/v2\/categories?post=19621"},{"taxonomy":"post_tag","embeddable":true,"href":"https:\/\/bisbalpenedes.com\/web\/wp-json\/wp\/v2\/tags?post=19621"}],"curies":[{"name":"wp","href":"https:\/\/api.w.org\/{rel}","templated":true}]}}