{"id":19596,"date":"2021-10-18T10:07:00","date_gmt":"2021-10-18T08:07:00","guid":{"rendered":"https:\/\/bisbalpenedes.com\/web\/?p=19596"},"modified":"2021-10-18T10:30:58","modified_gmt":"2021-10-18T08:30:58","slug":"lajuntament-de-la-bisbal-del-penedes-i-lampa-de-lescola-ull-de-vent-signen-el-conveni-per-a-la-socialitzacio-dels-llibres-del-curs-2021-2022","status":"publish","type":"post","link":"https:\/\/bisbalpenedes.com\/web\/2021\/10\/18\/lajuntament-de-la-bisbal-del-penedes-i-lampa-de-lescola-ull-de-vent-signen-el-conveni-per-a-la-socialitzacio-dels-llibres-del-curs-2021-2022\/","title":{"rendered":"L\u2019Ajuntament de la Bisbal del Pened\u00e8s i l\u2019AMPA de l\u2019Escola Ull de Vent han signat el conveni per a la socialitzaci\u00f3 dels llibres del curs 2021\/2022"},"content":{"rendered":"\n<p>El passat divendres 15 d\u2019octubre, l\u2019Ajuntament de la Bisbal del Pened\u00e8s va signar un conveni de 32.000\u20ac amb l\u2019AMPA de l\u2019Escola Ull de Vent per a la socialitzaci\u00f3 dels llibres del curs 2021\/2022 amb l\u2019objectiu que les fam\u00edlies puguin adquirir els llibres de l\u2019escola de forma gratu\u00efta a trav\u00e9s de l\u2019AMPA. Amb aquest conveni, no cal que les fam\u00edlies sol\u00b7licitin una subvenci\u00f3 a l\u2019Ajuntament ni que compleixin les bases d\u2019aquesta, com es feia anteriorment, sin\u00f3 que els llibres s\u2019obtenen directament pel fet de formar part \u2013ser socis\/es- de l\u2019AMPA del centre escolar.<strong><\/strong><\/p>\n\n\n\n<p>El dilluns 11 d\u2019octubre, la Junta de govern local aprovava el conveni de l\u2019Ajuntament de la Bisbal del Pened\u00e8s amb l\u2019AMPA de l\u2019Escola Ull de Vent amb l\u2019objectiu d\u2019afavorir la socialitzaci\u00f3 dels llibres escolars per disminuir la despesa derivada de l\u2019adquisici\u00f3 dels llibres de text de les fam\u00edlies, facilitar l\u2019acc\u00e9s als llibres de text a tot l\u2019alumnat, reduir l\u2019impacte mediambiental mitjan\u00e7ant la reducci\u00f3 de residus \u2013at\u00e8s que es reaprofiten els llibres de text- i fomentar el respecte cap al material escolar. Es tracta d\u2019un conveni per al material educatiu dels cursos P3, P4 i P5 i per als llibres de text dels cursos de 1r a 6\u00e8 de prim\u00e0ria. El pagament de l\u2019import del conveni per part de l\u2019Ajuntament de la Bisbal del Pened\u00e8s es fa en dues vegades: s\u2019abona un primer import de 28.000\u20ac despr\u00e9s de la signatura del conveni i s\u2019efectua un segon pagament de 4.000\u20ac una vegada s\u2019hagi justificat la subvenci\u00f3.<\/p>\n\n\n\n<p>Val a dir que, enguany, l\u2019import d\u2019aquest conveni \u00e9s superior al del curs passat perqu\u00e8 s\u2019han canviat diversos llibres d\u2019alguns cursos i, per tant, s\u2019han hagut d\u2019adquirir m\u00e9s llibres nous sense que s\u2019hagin pogut aprofitar de l\u2019any anterior.<\/p>\n\n\n\n<p>L\u2019AMPA de l\u2019Escola Ull de Vent \u00e9s una entitat sense \u00e0nim de lucre, inscrita al Registre municipal d\u2019entitats, que dona suport i assist\u00e8ncia als membres de l\u2019associaci\u00f3 i, en general, a les mares, pares, tutores i tutors dels i les alumnes, al professorat i a l\u2019alumnat del centre, aix\u00ed com als seus \u00f2rgans de govern i de participaci\u00f3.<\/p>\n\n\n\n<hr class=\"wp-block-separator\"\/>\n\n\n\n<p><strong>CASTELLANO |<\/strong> El pasado viernes 15 de octubre, el Ayuntamiento de la Bisbal del Pened\u00e8s firm\u00f3 un convenio de 32.000\u20ac con la AMPA de la Escuela Ull de Vent para la sociabilizaci\u00f3n de los libros del curso 2021\/2022 con el objetivo de que las familias puedan adquirir los libros de la escuela de forma gratuita a trav\u00e9s de la AMPA. Con este convenio, no es necesario que las familias soliciten una subvenci\u00f3n en el Ayuntamiento ni que cumplan las bases de la misma, como se hac\u00eda anteriormente, sino que los libros se obtienen directamente por el hecho de formar parte \u2013ser socios\/as- de la AMPA del centro escolar.<\/p>\n\n\n\n<p>El lunes 11 de octubre la Junta de gobierno local aprobaba el convenio del Ayuntamiento de la Bisbal del Pened\u00e8s con la AMPA de la Escuela Ull de Vent con el objetivo de favorecer la socializaci\u00f3n de los libros escolares para disminuir el gasto derivado de la adquisici\u00f3n de los libros de texto de las familias, facilitar el acceso a los libros de texto a todo el alumnado, reducir el impacto medioambiental mediante la reducci\u00f3n de residuos \u2013ya que se vuelven a aprovechar los libros de texto- y fomentar el respeto hacia el material escolar. Se trata de un convenio para el material educativo de los cursos P3, P4 y P5 y para los libros de texto de los cursos de 1\u00ba a 6\u00ba de primaria. El pago del importe del convenio por parte del Ayuntamiento de la Bisbal del Pened\u00e8s se hace en dos veces: se abona un primer importe de 28.000\u20ac despu\u00e9s de la firma del convenio y se realiza un segundo pago de 4.000\u20ac una vez se haya justificado la subvenci\u00f3n.<\/p>\n\n\n\n<p>Cabe decir que, este a\u00f1o, el importe de este convenio es superior al del curso pasado porque se han cambiado varios libros de algunos cursos y, por tanto, se han tenido que adquirir m\u00e1s libros nuevos sin que se hayan podido aprovechar los del a\u00f1o anterior.<\/p>\n\n\n\n<p>La AMPA de la Escuela Ull de Vent es una entidad sin \u00e1nimo de lucro, inscrita en el Registro municipal de entidades, que ofrece apoyo y asistencia a los miembros de la asociaci\u00f3n y, en general, a las madres, padres, tutoras y tutores de los y las alumnos\/as, al profesorado y al alumnado del centro, as\u00ed como a sus \u00f3rganos de gobierno y participaci\u00f3n.<\/p>\n","protected":false},"excerpt":{"rendered":"<p>El passat divendres 15 d\u2019octubre, l\u2019Ajuntament de la Bisbal del Pened\u00e8s va signar un conveni de 32.000\u20ac amb l\u2019AMPA de l\u2019Escola Ull de Vent per a la socialitzaci\u00f3 dels llibres &hellip; <a href=\"https:\/\/bisbalpenedes.com\/web\/2021\/10\/18\/lajuntament-de-la-bisbal-del-penedes-i-lampa-de-lescola-ull-de-vent-signen-el-conveni-per-a-la-socialitzacio-dels-llibres-del-curs-2021-2022\/\" class=\"more-link\">Read More<\/a><\/p>\n","protected":false},"author":4,"featured_media":19597,"comment_status":"closed","ping_status":"closed","sticky":false,"template":"","format":"standard","meta":[],"categories":[3456,8],"tags":[4225,65,337,393,3268],"_links":{"self":[{"href":"https:\/\/bisbalpenedes.com\/web\/wp-json\/wp\/v2\/posts\/19596"}],"collection":[{"href":"https:\/\/bisbalpenedes.com\/web\/wp-json\/wp\/v2\/posts"}],"about":[{"href":"https:\/\/bisbalpenedes.com\/web\/wp-json\/wp\/v2\/types\/post"}],"author":[{"embeddable":true,"href":"https:\/\/bisbalpenedes.com\/web\/wp-json\/wp\/v2\/users\/4"}],"replies":[{"embeddable":true,"href":"https:\/\/bisbalpenedes.com\/web\/wp-json\/wp\/v2\/comments?post=19596"}],"version-history":[{"count":3,"href":"https:\/\/bisbalpenedes.com\/web\/wp-json\/wp\/v2\/posts\/19596\/revisions"}],"predecessor-version":[{"id":19601,"href":"https:\/\/bisbalpenedes.com\/web\/wp-json\/wp\/v2\/posts\/19596\/revisions\/19601"}],"wp:featuredmedia":[{"embeddable":true,"href":"https:\/\/bisbalpenedes.com\/web\/wp-json\/wp\/v2\/media\/19597"}],"wp:attachment":[{"href":"https:\/\/bisbalpenedes.com\/web\/wp-json\/wp\/v2\/media?parent=19596"}],"wp:term":[{"taxonomy":"category","embeddable":true,"href":"https:\/\/bisbalpenedes.com\/web\/wp-json\/wp\/v2\/categories?post=19596"},{"taxonomy":"post_tag","embeddable":true,"href":"https:\/\/bisbalpenedes.com\/web\/wp-json\/wp\/v2\/tags?post=19596"}],"curies":[{"name":"wp","href":"https:\/\/api.w.org\/{rel}","templated":true}]}}